{"id":4782,"date":"2025-03-17T09:52:40","date_gmt":"2025-03-17T12:52:40","guid":{"rendered":"https:\/\/lalupa24.com.ar\/?p=4782"},"modified":"2025-03-17T09:52:42","modified_gmt":"2025-03-17T12:52:42","slug":"el-gobierno-denuncio-a-la-jueza-que-libero-a-los-detenidos-por-los-incidentes-en-el-congreso","status":"publish","type":"post","link":"https:\/\/lalupa24.com.ar\/index.php\/2025\/03\/17\/el-gobierno-denuncio-a-la-jueza-que-libero-a-los-detenidos-por-los-incidentes-en-el-congreso\/","title":{"rendered":"El Gobierno denunci\u00f3 a la jueza que liber\u00f3 a los detenidos por los incidentes en el Congreso"},"content":{"rendered":"\n<p>El Ministerio de Seguridad de la Naci\u00f3n, por instrucci\u00f3n de la ministra Patricia Bullrich, present\u00f3 una denuncia penal contra la jueza Karina Andrade, quien liber\u00f3 r\u00e1pidamente a los detenidos tras los incidentes ocurridos el mi\u00e9rcoles 12 de marzo en las inmediaciones del Congreso durante la marcha de los jubilados.<\/p>\n\n\n\n<h3 class=\"wp-block-heading\"><strong>Acusaciones contra la jueza Andrade<\/strong><\/h3>\n\n\n\n<p>El Gobierno ha acusado a la magistrada de cometer los delitos de <strong>Prevaricato<\/strong>, <strong>Incumplimiento de los Deberes de Funcionario P\u00fablico<\/strong> y <strong>Encubrimiento Agravado<\/strong>. La denuncia se basa en la decisi\u00f3n de Andrade de liberar a 114 detenidos sin un an\u00e1lisis adecuado de las pruebas ni de los antecedentes penales de los implicados.<\/p>\n\n\n\n<p>El Ministerio de Seguridad argumenta que la jueza actu\u00f3 de manera <strong>arbitraria<\/strong> al interferir indebidamente en un procedimiento de <strong>flagrancia<\/strong>, el cual es competencia exclusiva de la Fiscal\u00eda. En lugar de seguir los procedimientos legales establecidos, la jueza liber\u00f3 a los detenidos a trav\u00e9s de un grupo de mensajer\u00eda instant\u00e1nea como WhatsApp, sin dejar un registro oficial ni dar intervenci\u00f3n formal a la Fiscal\u00eda.<\/p>\n\n\n\n<h3 class=\"wp-block-heading\"><strong>Violaci\u00f3n de las normas procesales<\/strong><\/h3>\n\n\n\n<p>Adem\u00e1s, la jueza permiti\u00f3 que <strong>defensores no designados<\/strong> intervinieran en el proceso, lo que contraviene el C\u00f3digo Procesal Penal de la Ciudad Aut\u00f3noma de Buenos Aires, que establece que los defensores oficiales solo pueden intervenir si son expresamente designados.<\/p>\n\n\n\n<h3 class=\"wp-block-heading\"><strong>Antecedentes de los detenidos<\/strong><\/h3>\n\n\n\n<p>Entre los detenidos que fueron liberados, hab\u00eda personas con antecedentes penales por delitos como <strong>lesiones<\/strong>, <strong>tr\u00e1fico de estupefacientes<\/strong>, <strong>tenencia de armas de fuego<\/strong> y <strong>robo<\/strong>, lo que agrava a\u00fan m\u00e1s la actuaci\u00f3n de la jueza Karina Andrade.<\/p>\n\n\n\n<p>La denuncia especifica que Andrade no verific\u00f3 las pruebas ni los antecedentes de los detenidos antes de ordenar su liberaci\u00f3n, lo que contraviene la legislaci\u00f3n vigente. Este caso recay\u00f3 en el <strong>Juzgado Federal N\u00b0 1<\/strong>, bajo la magistratura de Mar\u00eda Servini.<\/p>\n\n\n\n<h3 class=\"wp-block-heading\"><strong>La justificaci\u00f3n de la jueza Andrade<\/strong><\/h3>\n\n\n\n<p>En su resoluci\u00f3n, la jueza justific\u00f3 su accionar al se\u00f1alar la <strong>falta de espacio<\/strong> en los centros de detenci\u00f3n. Sin embargo, este argumento fue refutado, ya que exist\u00edan lugares disponibles en las c\u00e1rceles del <strong>Servicio Penitenciario Federal<\/strong> y la <strong>Polic\u00eda Federal<\/strong>.<\/p>\n\n\n\n<p>En declaraciones radiales, Andrade explic\u00f3 que no fue una decisi\u00f3n <strong>&#8220;trasnochada&#8221;<\/strong>, sino que prioriz\u00f3 el <strong>derecho a manifestarse<\/strong>. Tambi\u00e9n admiti\u00f3 que no analiz\u00f3 los antecedentes penales de los detenidos porque, en esa instancia, solo correspond\u00eda verificar si exist\u00eda alg\u00fan <strong>pedido de captura vigente<\/strong>.<\/p>\n\n\n\n<h3 class=\"wp-block-heading\"><strong>El impacto de la decisi\u00f3n judicial<\/strong><\/h3>\n\n\n\n<p>El Ministerio de Seguridad considera que la decisi\u00f3n de la jueza de liberar a los detenidos carece de fundamento legal y pudo haber colaborado en el <strong>encubrimiento de los delitos<\/strong> cometidos durante los disturbios. Adem\u00e1s, la denuncia sostiene que la intervenci\u00f3n de Andrade contribuy\u00f3 a que los imputados pudieran <strong>eludir la acci\u00f3n de la Justicia<\/strong>.<\/p>\n\n\n\n<h3 class=\"wp-block-heading\"><strong>Solicitudes del Gobierno<\/strong><\/h3>\n\n\n\n<p>El Ministerio de Seguridad solicit\u00f3 que se inicie un <strong>sumario penal<\/strong> por los delitos denunciados y que se recojan las pruebas pertinentes, incluida la <strong>documentaci\u00f3n audiovisual<\/strong> de los hechos ocurridos en la <strong>Plaza de los Dos Congresos<\/strong> el 12 de marzo de 2025. Este caso sigue siendo investigado, dado que los disturbios dejaron un saldo de m\u00e1s de una <strong>docena de polic\u00edas heridos<\/strong> y da\u00f1os materiales graves en el espacio p\u00fablico.<\/p>\n\n\n\n<p>Adem\u00e1s, la denuncia incluye un pedido de que el <strong>fuero federal<\/strong> se encargue de los hechos, dado que involucran delitos de <strong>sedici\u00f3n<\/strong>, <strong>atentado al orden constitucional<\/strong> y <strong>asociaci\u00f3n il\u00edcita agravada<\/strong>, situaciones que afectan directamente el orden democr\u00e1tico y constitucional del pa\u00eds.<\/p>\n","protected":false},"excerpt":{"rendered":"<p>El Ministerio de Seguridad de la Naci\u00f3n, por instrucci\u00f3n de la ministra Patricia Bullrich, present\u00f3 una denuncia penal contra la jueza Karina Andrade, quien liber\u00f3 r\u00e1pidamente a los detenidos tras los incidentes ocurridos el mi\u00e9rcoles 12 de marzo en las inmediaciones del Congreso durante la marcha de los jubilados. Acusaciones contra la jueza Andrade El [&hellip;]<\/p>\n","protected":false},"author":2,"featured_media":4783,"comment_status":"open","ping_status":"open","sticky":false,"template":"","format":"standard","meta":{"footnotes":""},"categories":[26],"tags":[],"class_list":{"0":"post-4782","1":"post","2":"type-post","3":"status-publish","4":"format-standard","5":"has-post-thumbnail","7":"category-nacionales"},"aioseo_notices":[],"_links":{"self":[{"href":"https:\/\/lalupa24.com.ar\/index.php\/wp-json\/wp\/v2\/posts\/4782","targetHints":{"allow":["GET"]}}],"collection":[{"href":"https:\/\/lalupa24.com.ar\/index.php\/wp-json\/wp\/v2\/posts"}],"about":[{"href":"https:\/\/lalupa24.com.ar\/index.php\/wp-json\/wp\/v2\/types\/post"}],"author":[{"embeddable":true,"href":"https:\/\/lalupa24.com.ar\/index.php\/wp-json\/wp\/v2\/users\/2"}],"replies":[{"embeddable":true,"href":"https:\/\/lalupa24.com.ar\/index.php\/wp-json\/wp\/v2\/comments?post=4782"}],"version-history":[{"count":1,"href":"https:\/\/lalupa24.com.ar\/index.php\/wp-json\/wp\/v2\/posts\/4782\/revisions"}],"predecessor-version":[{"id":4784,"href":"https:\/\/lalupa24.com.ar\/index.php\/wp-json\/wp\/v2\/posts\/4782\/revisions\/4784"}],"wp:featuredmedia":[{"embeddable":true,"href":"https:\/\/lalupa24.com.ar\/index.php\/wp-json\/wp\/v2\/media\/4783"}],"wp:attachment":[{"href":"https:\/\/lalupa24.com.ar\/index.php\/wp-json\/wp\/v2\/media?parent=4782"}],"wp:term":[{"taxonomy":"category","embeddable":true,"href":"https:\/\/lalupa24.com.ar\/index.php\/wp-json\/wp\/v2\/categories?post=4782"},{"taxonomy":"post_tag","embeddable":true,"href":"https:\/\/lalupa24.com.ar\/index.php\/wp-json\/wp\/v2\/tags?post=4782"}],"curies":[{"name":"wp","href":"https:\/\/api.w.org\/{rel}","templated":true}]}}