{"id":4788,"date":"2025-03-17T09:56:13","date_gmt":"2025-03-17T12:56:13","guid":{"rendered":"https:\/\/lalupa24.com.ar\/?p=4788"},"modified":"2025-03-17T09:56:15","modified_gmt":"2025-03-17T12:56:15","slug":"el-gobierno-se-prepara-para-otra-marcha-de-los-barras-y-no-logra-desactivar-el-paro-de-la-cgt","status":"publish","type":"post","link":"https:\/\/lalupa24.com.ar\/index.php\/2025\/03\/17\/el-gobierno-se-prepara-para-otra-marcha-de-los-barras-y-no-logra-desactivar-el-paro-de-la-cgt\/","title":{"rendered":"El Gobierno se prepara para otra marcha de los barras y no logra desactivar el paro de la CGT"},"content":{"rendered":"\n<p>La situaci\u00f3n pol\u00edtica en Argentina se encuentra marcada por una creciente tensi\u00f3n, tanto dentro como fuera del Congreso. El presidente Javier Milei se enfrenta a disturbios y movilizaciones, con una nueva marcha de los barras bravas prevista para apoyar a los jubilados. Esta manifestaci\u00f3n llega en un momento cr\u00edtico, mientras la CGT mantiene firme su posici\u00f3n y ha fijado la fecha para un nuevo paro general el 8 de abril, lo que agrava a\u00fan m\u00e1s el clima de polarizaci\u00f3n.<\/p>\n\n\n\n<p>La reciente confrontaci\u00f3n en el Congreso, que involucr\u00f3 disturbios entre barras bravas y la polic\u00eda, dej\u00f3 cientos de detenidos y varios heridos, entre ellos el fot\u00f3grafo Pablo Grillo, quien se encuentra grave tras recibir un impacto de gas lacrim\u00f3geno en la cabeza. A pesar de este caos, el presidente Milei mostr\u00f3 su apoyo p\u00fablico a la ministra de Seguridad, Patricia Bullrich, mientras aseguraba que aquellos que participan en estos actos violentos son los &#8220;malos&#8221;.<\/p>\n\n\n\n<p>El Gobierno se enfrenta a decisiones clave, entre ellas la de definir si abre una negociaci\u00f3n con los diputados Lijo y Garc\u00eda Mansilla o si, por el contrario, arriesga una derrota pol\u00edtica. Adem\u00e1s, la prohibici\u00f3n de acceso a las canchas para los barras bravas que participaron de los incidentes en el Congreso refleja la respuesta gubernamental para controlar el desorden.<\/p>\n\n\n\n<p>Por otro lado, la CGT parece estar consolidando su postura opositora con la convocatoria al paro general, mientras algunos de sus dirigentes siguen sin poder acercarse a la Casa Rosada para alcanzar acuerdos. En este contexto, la disputa entre el Gobierno y los sectores sindicales, junto con las protestas sociales, anticipan una escalada en las tensiones pol\u00edticas en las pr\u00f3ximas semanas. La situaci\u00f3n se complica a\u00fan m\u00e1s debido a la falta de di\u00e1logo entre los l\u00edderes de la CGT y la administraci\u00f3n de Milei.<\/p>\n\n\n\n<p>El clima de confrontaci\u00f3n y la falta de soluciones inmediatas reflejan la creciente divisi\u00f3n en la pol\u00edtica argentina, mientras la sociedad sigue esperando respuestas a las demandas de justicia, derechos laborales y una mejora en las condiciones econ\u00f3micas.<\/p>\n","protected":false},"excerpt":{"rendered":"<p>La situaci\u00f3n pol\u00edtica en Argentina se encuentra marcada por una creciente tensi\u00f3n, tanto dentro como fuera del Congreso. El presidente Javier Milei se enfrenta a disturbios y movilizaciones, con una nueva marcha de los barras bravas prevista para apoyar a los jubilados. Esta manifestaci\u00f3n llega en un momento cr\u00edtico, mientras la CGT mantiene firme su [&hellip;]<\/p>\n","protected":false},"author":2,"featured_media":4789,"comment_status":"open","ping_status":"open","sticky":false,"template":"","format":"standard","meta":{"footnotes":""},"categories":[26],"tags":[],"class_list":{"0":"post-4788","1":"post","2":"type-post","3":"status-publish","4":"format-standard","5":"has-post-thumbnail","7":"category-nacionales"},"aioseo_notices":[],"_links":{"self":[{"href":"https:\/\/lalupa24.com.ar\/index.php\/wp-json\/wp\/v2\/posts\/4788","targetHints":{"allow":["GET"]}}],"collection":[{"href":"https:\/\/lalupa24.com.ar\/index.php\/wp-json\/wp\/v2\/posts"}],"about":[{"href":"https:\/\/lalupa24.com.ar\/index.php\/wp-json\/wp\/v2\/types\/post"}],"author":[{"embeddable":true,"href":"https:\/\/lalupa24.com.ar\/index.php\/wp-json\/wp\/v2\/users\/2"}],"replies":[{"embeddable":true,"href":"https:\/\/lalupa24.com.ar\/index.php\/wp-json\/wp\/v2\/comments?post=4788"}],"version-history":[{"count":1,"href":"https:\/\/lalupa24.com.ar\/index.php\/wp-json\/wp\/v2\/posts\/4788\/revisions"}],"predecessor-version":[{"id":4790,"href":"https:\/\/lalupa24.com.ar\/index.php\/wp-json\/wp\/v2\/posts\/4788\/revisions\/4790"}],"wp:featuredmedia":[{"embeddable":true,"href":"https:\/\/lalupa24.com.ar\/index.php\/wp-json\/wp\/v2\/media\/4789"}],"wp:attachment":[{"href":"https:\/\/lalupa24.com.ar\/index.php\/wp-json\/wp\/v2\/media?parent=4788"}],"wp:term":[{"taxonomy":"category","embeddable":true,"href":"https:\/\/lalupa24.com.ar\/index.php\/wp-json\/wp\/v2\/categories?post=4788"},{"taxonomy":"post_tag","embeddable":true,"href":"https:\/\/lalupa24.com.ar\/index.php\/wp-json\/wp\/v2\/tags?post=4788"}],"curies":[{"name":"wp","href":"https:\/\/api.w.org\/{rel}","templated":true}]}}