{"id":4791,"date":"2025-03-17T09:57:57","date_gmt":"2025-03-17T12:57:57","guid":{"rendered":"https:\/\/lalupa24.com.ar\/?p=4791"},"modified":"2025-03-17T09:57:58","modified_gmt":"2025-03-17T12:57:58","slug":"cuentas-publicas-estiman-que-por-mayor-recaudacion-y-a-pesar-de-la-suba-del-gasto-febrero-volvera-a-mostrar-superavit-fiscal","status":"publish","type":"post","link":"https:\/\/lalupa24.com.ar\/index.php\/2025\/03\/17\/cuentas-publicas-estiman-que-por-mayor-recaudacion-y-a-pesar-de-la-suba-del-gasto-febrero-volvera-a-mostrar-superavit-fiscal\/","title":{"rendered":"Cuentas p\u00fablicas: estiman que por mayor recaudaci\u00f3n, y a pesar de la suba del gasto, febrero volver\u00e1 a mostrar super\u00e1vit fiscal"},"content":{"rendered":"\n<p>El Ministerio de Econom\u00eda de Argentina publicar\u00e1 este lunes los resultados de las cuentas p\u00fablicas de febrero, un dato clave en el contexto de las negociaciones con el Fondo Monetario Internacional (FMI) y el plan econ\u00f3mico del Gobierno. El mercado anticipa que el equipo econ\u00f3mico ha comenzado a &#8220;reconfigurar&#8221; la estrategia de ajuste fiscal, reduciendo subsidios y obra p\u00fablica, mientras mantiene el gasto en sectores como jubilaciones y la Asignaci\u00f3n Universal por Hijo (AUH), que est\u00e1n atados a la inflaci\u00f3n y aumentan en t\u00e9rminos reales.<\/p>\n\n\n\n<p>El gasto en jubilaciones y pensiones ha experimentado un aumento significativo en febrero, con un incremento interanual del 38%, lo que implica un aumento real del haber m\u00ednimo de 54,8%. Sin embargo, los refuerzos previsionales han perdido poder adquisitivo debido a la inflaci\u00f3n, con una ca\u00edda del 23,7% en el \u00faltimo a\u00f1o. Si la inflaci\u00f3n se desacelera, el gasto en jubilaciones podr\u00eda aumentar un 12,9% anual; de lo contrario, si la inflaci\u00f3n se acelera, el aumento ser\u00eda menor, con solo un 6,6% interanual.<\/p>\n\n\n\n<p>Por otro lado, la recaudaci\u00f3n impositiva ha ca\u00eddo, principalmente debido a la eliminaci\u00f3n del Impuesto PAIS, una fuente importante de recursos en 2024. No obstante, los aportes a la seguridad social han crecido, en l\u00ednea con la recuperaci\u00f3n de la masa salarial.<\/p>\n\n\n\n<p>El ajuste fiscal ha continuado en sectores como subsidios a la energ\u00eda y al transporte, que registraron fuertes reducciones (52,4% y 50,5%, respectivamente). En cuanto a los salarios p\u00fablicos, tambi\u00e9n se observ\u00f3 una ca\u00edda real en t\u00e9rminos anuales de entre 10,3% y 15,1%. Esta reducci\u00f3n ha permitido que, a pesar de un gasto mayor en prestaciones previsionales, el Gobierno siga manteniendo el super\u00e1vit fiscal, aunque con menor margen que en meses anteriores debido a la menor recaudaci\u00f3n tributaria y la eliminaci\u00f3n de fuentes extraordinarias de financiamiento.<\/p>\n\n\n\n<p>En t\u00e9rminos generales, el super\u00e1vit fiscal se sostiene, con un resultado primario superavitario en febrero, aunque la ca\u00edda en los ingresos y la falta de fuentes extraordinarias podr\u00edan hacer que los m\u00e1rgenes de super\u00e1vit se reduzcan a\u00fan m\u00e1s en los pr\u00f3ximos meses.<\/p>\n\n\n\n<p>El Gobierno tambi\u00e9n est\u00e1 utilizando el compromiso con el ajuste fiscal como carta a favor en las negociaciones con el FMI, tras el sobrecumplimiento de las metas de super\u00e1vit en 2024. Sin embargo, el FMI ha expresado preocupaciones sobre el perfil del ajuste fiscal, sugiriendo que ser\u00e1 necesario continuar con reformas fiscales y mejorar las condiciones sociales para consolidar los avances iniciales en la estabilizaci\u00f3n econ\u00f3mica del pa\u00eds.<\/p>\n\n\n\n<p>En resumen, el resultado de las cuentas p\u00fablicas de febrero y la evoluci\u00f3n de las pol\u00edticas fiscales ser\u00e1n determinantes no solo para las negociaciones con el FMI, sino tambi\u00e9n para el futuro econ\u00f3mico del Gobierno de Javier Milei.<\/p>\n","protected":false},"excerpt":{"rendered":"<p>El Ministerio de Econom\u00eda de Argentina publicar\u00e1 este lunes los resultados de las cuentas p\u00fablicas de febrero, un dato clave en el contexto de las negociaciones con el Fondo Monetario Internacional (FMI) y el plan econ\u00f3mico del Gobierno. El mercado anticipa que el equipo econ\u00f3mico ha comenzado a &#8220;reconfigurar&#8221; la estrategia de ajuste fiscal, reduciendo [&hellip;]<\/p>\n","protected":false},"author":2,"featured_media":4792,"comment_status":"open","ping_status":"open","sticky":false,"template":"","format":"standard","meta":{"footnotes":""},"categories":[24],"tags":[],"class_list":{"0":"post-4791","1":"post","2":"type-post","3":"status-publish","4":"format-standard","5":"has-post-thumbnail","7":"category-economia"},"aioseo_notices":[],"_links":{"self":[{"href":"https:\/\/lalupa24.com.ar\/index.php\/wp-json\/wp\/v2\/posts\/4791","targetHints":{"allow":["GET"]}}],"collection":[{"href":"https:\/\/lalupa24.com.ar\/index.php\/wp-json\/wp\/v2\/posts"}],"about":[{"href":"https:\/\/lalupa24.com.ar\/index.php\/wp-json\/wp\/v2\/types\/post"}],"author":[{"embeddable":true,"href":"https:\/\/lalupa24.com.ar\/index.php\/wp-json\/wp\/v2\/users\/2"}],"replies":[{"embeddable":true,"href":"https:\/\/lalupa24.com.ar\/index.php\/wp-json\/wp\/v2\/comments?post=4791"}],"version-history":[{"count":1,"href":"https:\/\/lalupa24.com.ar\/index.php\/wp-json\/wp\/v2\/posts\/4791\/revisions"}],"predecessor-version":[{"id":4793,"href":"https:\/\/lalupa24.com.ar\/index.php\/wp-json\/wp\/v2\/posts\/4791\/revisions\/4793"}],"wp:featuredmedia":[{"embeddable":true,"href":"https:\/\/lalupa24.com.ar\/index.php\/wp-json\/wp\/v2\/media\/4792"}],"wp:attachment":[{"href":"https:\/\/lalupa24.com.ar\/index.php\/wp-json\/wp\/v2\/media?parent=4791"}],"wp:term":[{"taxonomy":"category","embeddable":true,"href":"https:\/\/lalupa24.com.ar\/index.php\/wp-json\/wp\/v2\/categories?post=4791"},{"taxonomy":"post_tag","embeddable":true,"href":"https:\/\/lalupa24.com.ar\/index.php\/wp-json\/wp\/v2\/tags?post=4791"}],"curies":[{"name":"wp","href":"https:\/\/api.w.org\/{rel}","templated":true}]}}