{"id":4797,"date":"2025-03-17T10:02:46","date_gmt":"2025-03-17T13:02:46","guid":{"rendered":"https:\/\/lalupa24.com.ar\/?p=4797"},"modified":"2025-03-17T10:02:47","modified_gmt":"2025-03-17T13:02:47","slug":"punto-de-encuentro-para-familias-desarrollo-humano-presento-el-espacio-de-desarrollo-integral-edi","status":"publish","type":"post","link":"https:\/\/lalupa24.com.ar\/index.php\/2025\/03\/17\/punto-de-encuentro-para-familias-desarrollo-humano-presento-el-espacio-de-desarrollo-integral-edi\/","title":{"rendered":"PUNTO DE ENCUENTRO PARA FAMILIAS: DESARROLLO HUMANO PRESENT\u00d3 EL ESPACIO DE DESARROLLO INTEGRAL (EDI)"},"content":{"rendered":"\n<p><\/p>\n\n\n\n<p><strong>Un nuevo punto de encuentro para promover los derechos de la ni\u00f1ez<\/strong><\/p>\n\n\n\n<p>El Ministerio de Desarrollo Humano present\u00f3 el programa <strong>EDI: Espacio de Desarrollo Integral<\/strong>, una propuesta destinada a promover los derechos de la ni\u00f1ez y acompa\u00f1ar a las familias, con especial enfoque en la primera infancia. Este espacio busca ser un punto de encuentro para fomentar el desarrollo integral de los ni\u00f1os y sus familias.<\/p>\n\n\n\n<p>La presentaci\u00f3n tuvo lugar el <strong>viernes pasado<\/strong>, en la plazoleta situada entre las calles 29 y Carlos Hardy, en el barrio La Rubita. La actividad atrajo una gran convocatoria de vecinos y estuvo acompa\u00f1ada por diversos dispositivos de contenci\u00f3n, servicios y equipos de varios organismos.<\/p>\n\n\n\n<p><strong>Un evento para toda la familia<\/strong><\/p>\n\n\n\n<p>La jornada incluy\u00f3 una serie de actividades recreativas y educativas, con <strong>postas l\u00fadicas<\/strong> y materiales did\u00e1cticos para los ni\u00f1os, quienes pudieron disfrutar de juegos mientras compart\u00edan frutas y merienda. Entre los presentes, se destac\u00f3 la participaci\u00f3n activa de la <strong>Ministra Gabriela Galarza<\/strong> y los <strong>subsecretarios<\/strong>:<\/p>\n\n\n\n<ul class=\"wp-block-list\">\n<li><strong>Martha Viviana Garc\u00eda<\/strong> (Econom\u00eda para el Desarrollo)<\/li>\n\n\n\n<li><strong>Ver\u00f3nica Paola Vargas<\/strong> (Articulaci\u00f3n y Administraci\u00f3n para el Desarrollo Humano)<\/li>\n\n\n\n<li><strong>Everest Jovanovich<\/strong> (Juventud)<\/li>\n\n\n\n<li><strong>Ariel Alejandro Fretes<\/strong> (Planificaci\u00f3n Estrat\u00e9gica y Financiera)<\/li>\n\n\n\n<li><strong>Carla Cantero<\/strong> (Econom\u00eda y Pol\u00edticas Sociales)<\/li>\n<\/ul>\n\n\n\n<p><strong>La ministra Gabriela Galarza expres\u00f3:<\/strong><\/p>\n\n\n\n<p><em>&#8220;Estamos muy contentos con la presentaci\u00f3n de la Parada Recreativa de EDI. Notamos que tiene mucho potencial para brindar contenci\u00f3n a las infancias de la mano de sus familias. El inter\u00e9s y la participaci\u00f3n de los vecinos es \u00f3ptima, tanto por parte de los ni\u00f1os como de las familias. Hoy contamos con el acompa\u00f1amiento de variados equipos y organismos del Gobierno Provincial. Aparte de las postas l\u00fadicas y de entretenimiento, tenemos actividades como la Unidad Provincial de Seguimiento Nutricional con asesoramiento y controles, una posta de vacunaci\u00f3n sanitaria, la posta del Iprodich y el programa Soy Joven con peluqueros y barberos solidarios, y muchas m\u00e1s iniciativas.\u201d<\/em><\/p>\n\n\n\n<p><strong>Servicios y actividades en el evento<\/strong><br>Entre las diversas postas y actividades, los presentes pudieron disfrutar de:<\/p>\n\n\n\n<ul class=\"wp-block-list\">\n<li><strong>Postas de salud<\/strong>: asesoramiento nutricional y controles sanitarios, vacunaci\u00f3n, y prevenci\u00f3n de adicciones.<\/li>\n\n\n\n<li><strong>Actividades recreativas y educativas<\/strong>: talleres de formaci\u00f3n de oficios y emprendedurismo social, propuestas art\u00edsticas y actividades socioculturales.<\/li>\n\n\n\n<li><strong>Educaci\u00f3n ambiental<\/strong>: muestra educativa de las 3 R (Reducir, Reciclar y Reutilizar), cuidado de \u00e1rboles y conservaci\u00f3n de espacios p\u00fablicos.<\/li>\n\n\n\n<li><strong>Educaci\u00f3n vial<\/strong>: brindada por el Instituto del Deporte Chaque\u00f1o, Bomberos Voluntarios y la Polic\u00eda del Chaco.<\/li>\n\n\n\n<li><strong>Cuidado de la comunidad<\/strong>: actividades de embellecimiento de manos y peinados para mam\u00e1s y adultos mayores.<\/li>\n<\/ul>\n\n\n\n<h3 class=\"wp-block-heading\"><strong>EDI: Un programa con alcance provincial<\/strong><\/h3>\n\n\n\n<p><strong>Objetivos y acciones del programa<\/strong><br>EDI, como un programa de interacci\u00f3n territorial, tiene como objetivo fomentar el desarrollo integral de ni\u00f1os, adolescentes y sus familias en sus propias comunidades. Los equipos de Desarrollo Humano, junto a otros organismos, recorrer\u00e1n distintos barrios y localidades de la provincia, llevando consigo actividades recreativas, formativas y de promoci\u00f3n de derechos.<\/p>\n\n\n\n<p>Adem\u00e1s de la recreaci\u00f3n, EDI busca capacitar a los adultos en aspectos clave como:<\/p>\n\n\n\n<ul class=\"wp-block-list\">\n<li>Fortalecer las habilidades para la crianza y el acompa\u00f1amiento de los ni\u00f1os.<\/li>\n\n\n\n<li>Promover h\u00e1bitos saludables.<\/li>\n\n\n\n<li>Prevenir factores de riesgo para el bienestar familiar.<\/li>\n\n\n\n<li>Impulsar la autogesti\u00f3n de los espacios sociales.<\/li>\n<\/ul>\n\n\n\n<p><strong>Principales l\u00edneas de intervenci\u00f3n<\/strong><\/p>\n\n\n\n<ul class=\"wp-block-list\">\n<li><strong>Parada Recreativa<\/strong>: Una casa rodante que recorrer\u00e1 la provincia llevando actividades l\u00fadicas, nutricionales, deportivas y culturales.<\/li>\n\n\n\n<li><strong>Crecer Juntos<\/strong>: Talleres destinados a adultos sobre el desarrollo f\u00edsico, cognitivo y emocional de sus hijos.<\/li>\n\n\n\n<li><strong>EDI TV<\/strong>: Un proyecto televisivo que se crear\u00e1 para difundir las acciones del programa y sensibilizar a la comunidad.<\/li>\n<\/ul>\n\n\n\n<p><\/p>\n","protected":false},"excerpt":{"rendered":"<p>Un nuevo punto de encuentro para promover los derechos de la ni\u00f1ez El Ministerio de Desarrollo Humano present\u00f3 el programa EDI: Espacio de Desarrollo Integral, una propuesta destinada a promover los derechos de la ni\u00f1ez y acompa\u00f1ar a las familias, con especial enfoque en la primera infancia. Este espacio busca ser un punto de encuentro [&hellip;]<\/p>\n","protected":false},"author":2,"featured_media":4798,"comment_status":"open","ping_status":"open","sticky":false,"template":"","format":"standard","meta":{"footnotes":""},"categories":[27],"tags":[],"class_list":{"0":"post-4797","1":"post","2":"type-post","3":"status-publish","4":"format-standard","5":"has-post-thumbnail","7":"category-interior"},"aioseo_notices":[],"_links":{"self":[{"href":"https:\/\/lalupa24.com.ar\/index.php\/wp-json\/wp\/v2\/posts\/4797","targetHints":{"allow":["GET"]}}],"collection":[{"href":"https:\/\/lalupa24.com.ar\/index.php\/wp-json\/wp\/v2\/posts"}],"about":[{"href":"https:\/\/lalupa24.com.ar\/index.php\/wp-json\/wp\/v2\/types\/post"}],"author":[{"embeddable":true,"href":"https:\/\/lalupa24.com.ar\/index.php\/wp-json\/wp\/v2\/users\/2"}],"replies":[{"embeddable":true,"href":"https:\/\/lalupa24.com.ar\/index.php\/wp-json\/wp\/v2\/comments?post=4797"}],"version-history":[{"count":1,"href":"https:\/\/lalupa24.com.ar\/index.php\/wp-json\/wp\/v2\/posts\/4797\/revisions"}],"predecessor-version":[{"id":4799,"href":"https:\/\/lalupa24.com.ar\/index.php\/wp-json\/wp\/v2\/posts\/4797\/revisions\/4799"}],"wp:featuredmedia":[{"embeddable":true,"href":"https:\/\/lalupa24.com.ar\/index.php\/wp-json\/wp\/v2\/media\/4798"}],"wp:attachment":[{"href":"https:\/\/lalupa24.com.ar\/index.php\/wp-json\/wp\/v2\/media?parent=4797"}],"wp:term":[{"taxonomy":"category","embeddable":true,"href":"https:\/\/lalupa24.com.ar\/index.php\/wp-json\/wp\/v2\/categories?post=4797"},{"taxonomy":"post_tag","embeddable":true,"href":"https:\/\/lalupa24.com.ar\/index.php\/wp-json\/wp\/v2\/tags?post=4797"}],"curies":[{"name":"wp","href":"https:\/\/api.w.org\/{rel}","templated":true}]}}