{"id":4803,"date":"2025-03-17T13:01:24","date_gmt":"2025-03-17T16:01:24","guid":{"rendered":"https:\/\/lalupa24.com.ar\/?p=4803"},"modified":"2025-03-17T13:01:25","modified_gmt":"2025-03-17T16:01:25","slug":"magda-ayala-inauguro-el-55-periodo-de-sesiones-ordinarias-del-concejo-de-barranqueras","status":"publish","type":"post","link":"https:\/\/lalupa24.com.ar\/index.php\/2025\/03\/17\/magda-ayala-inauguro-el-55-periodo-de-sesiones-ordinarias-del-concejo-de-barranqueras\/","title":{"rendered":"Magda Ayala inaugur\u00f3 el 55\u00b0 per\u00edodo de sesiones ordinarias del concejo de Barranqueras"},"content":{"rendered":"\n<p>La intendente de Barranqueras present\u00f3 un balance de gesti\u00f3n y anunci\u00f3 las prioridades para 2025<br>La jefa comunal de Barranqueras, Magda Ayala, encabez\u00f3 la apertura del per\u00edodo de sesiones ordinarias del Concejo Municipal, en un acto celebrado en el Centro Cultural La Flota. La jornada cont\u00f3 con la presencia de autoridades locales, miembros del gabinete municipal, representantes de sindicatos, referentes de la mesa interreligiosa, el Padre Armando y el ap\u00f3stol Ra\u00fal Ram\u00edrez.<br>En su discurso, Ayala destac\u00f3 los avances logrados en el \u00faltimo a\u00f1o y deline\u00f3 las prioridades de gesti\u00f3n para 2025, reafirmando el compromiso de su administraci\u00f3n con el desarrollo integral de la ciudad.<br>Balance de gesti\u00f3n 2024<br>En 2024, la gesti\u00f3n de la intendente logr\u00f3 importantes avances en diversos aspectos de la ciudad, enmarcados en cuatro ejes estrat\u00e9gicos. En Barranqueras Humana, se implementaron m\u00e1s de 50 programas sociales, abordando necesidades como la asistencia alimentaria, mejoras habitacionales y fortalecimiento de servicios esenciales en salud y educaci\u00f3n. Por su parte, Barranqueras Segura dio pasos firmes con la inauguraci\u00f3n del Centro de Monitoreo, la incorporaci\u00f3n de nuevos equipos a la Guardia Urbana Municipal y el refuerzo de la seguridad vial mediante operativos y una nueva iluminaci\u00f3n p\u00fablica.<br>En el \u00e1mbito de Barranqueras Productiva, se promovieron ferias y capacitaciones para emprendedores, y se implementaron incentivos para la contrataci\u00f3n de mano de obra local, impulsando el desarrollo econ\u00f3mico de la regi\u00f3n. Finalmente, *Barranqueras Moderna y Sustentable* avanz\u00f3 con obras de infraestructura, mejoramiento de barrios, optimizaci\u00f3n del sistema de recolecci\u00f3n de residuos y revalorizaci\u00f3n de espacios p\u00fablicos, consolidando as\u00ed un entorno urbano m\u00e1s eficiente y sostenible para todos los vecinos.<br>Prioridades de gesti\u00f3n para 2025<br>Barranqueras Humana<br>En el eje social, el municipio fortalecer\u00e1 sus programas de desarrollo infantil con un enfoque en la primera infancia y la adolescencia, ampliando la asistencia en los barrios a trav\u00e9s de la iniciativa La Muni en Tu Barrio. La educaci\u00f3n ser\u00e1 otro pilar central, con m\u00e1s becas y formaci\u00f3n profesional gracias a los convenios con UNCAUS y Siglo XXI, mientras que las mejoras en infraestructura escolar y la implementaci\u00f3n de serenos municipales garantizar\u00e1n mayor seguridad en las instituciones educativas.<br>Barranqueras &nbsp;Segura<\/p>\n\n\n\n<p>La seguridad ciudadana tendr\u00e1 un salto cualitativo con la *creaci\u00f3n de la Secretar\u00eda de Seguridad Municipal*, como primer paso hacia la conformaci\u00f3n de una Polic\u00eda Municipal. Se expandir\u00e1 el Centro de Monitoreo con nuevas tecnolog\u00edas de video vigilancia y el programa Ojos en Alerta, involucrando a los vecinos en la prevenci\u00f3n del delito. Adem\u00e1s, se reforzar\u00e1 la iluminaci\u00f3n p\u00fablica en distintos sectores de la ciudad y se intensificar\u00e1n los operativos de seguridad vial, con controles y campa\u00f1as de concienciaci\u00f3n.<br>Barranqueras Productiva<br>En materia de desarrollo econ\u00f3mico y empleo, se impulsar\u00e1n los programas Fomentar y Volver al Trabajo, enfocados en la capacitaci\u00f3n laboral y la reinserci\u00f3n de trabajadores. Se ofrecer\u00e1n talleres en empleabilidad, atenci\u00f3n al cliente y orientaci\u00f3n laboral, junto con asesoramiento en Marketing Digital y Cultura Tributaria para potenciar el crecimiento de emprendedores locales.<br>Barranqueras Moderna y Sustentable<br>Las obras de infraestructura continuar\u00e1n siendo una *prioridad con la pavimentaci\u00f3n de la Avenida Nicol\u00e1s Rojas Acosta*, una inversi\u00f3n clave de $420 millones para mejorar la conectividad vial. Se pondr\u00e1 en marcha un plan de pavimento cofinanciado, permitiendo a los vecinos acceder a esta mejora en conjunto con el Banco del Chaco. Tambi\u00e9n se ejecutar\u00e1 la construcci\u00f3n del P\u00f3rtico de Ingreso a la Ciudad, que simbolizar\u00e1 la identidad y modernizaci\u00f3n de Barranqueras.<br>En el aspecto ambiental, la Planta Separadora de Residuos S\u00f3lidos Urbanos expandir\u00e1 su capacidad de procesamiento, mientras que el programa M\u00e1s Ox\u00edgeno seguir\u00e1 adelante con la plantaci\u00f3n de \u00e1rboles y huertas comunitarias. A su vez, se avanzar\u00e1 con el Circuito Saludable en la Avenida Rodr\u00edguez Pe\u00f1a y el Centro de Integraci\u00f3n Urbana \u201c500 Viviendas\u201d, generando m\u00e1s espacios de recreaci\u00f3n y esparcimiento.<br>Barranqueras tambi\u00e9n se consolidar\u00e1 como un destino tur\u00edstico a trav\u00e9s del programa *&#8221;Destino Barranqueras&#8221;*, impulsando actividades culturales y promoviendo la identidad local con la recuperaci\u00f3n de espacios verdes y eventos comunitarios.<br>En el cierre de su intervenci\u00f3n, Ayala destac\u00f3 la importancia de la planificaci\u00f3n estrat\u00e9gica y la transparencia en la gesti\u00f3n de los recursos p\u00fablicos, subrayando que el desarrollo de Barranqueras requiere del esfuerzo conjunto de los distintos sectores de la sociedad.<br><br>Con la formal apertura del per\u00edodo legislativo, el gobierno municipal ratific\u00f3 su voluntad de consolidar una ciudad m\u00e1s humana, segura, productiva, moderna y sustentable, con pol\u00edticas p\u00fablicas que respondan a las demandas de la comunidad y garanticen un crecimiento sostenido.<\/p>\n","protected":false},"excerpt":{"rendered":"<p>La intendente de Barranqueras present\u00f3 un balance de gesti\u00f3n y anunci\u00f3 las prioridades para 2025La jefa comunal de Barranqueras, Magda Ayala, encabez\u00f3 la apertura del per\u00edodo de sesiones ordinarias del Concejo Municipal, en un acto celebrado en el Centro Cultural La Flota. La jornada cont\u00f3 con la presencia de autoridades locales, miembros del gabinete municipal, [&hellip;]<\/p>\n","protected":false},"author":11,"featured_media":4804,"comment_status":"open","ping_status":"open","sticky":false,"template":"","format":"standard","meta":{"footnotes":""},"categories":[28],"tags":[],"class_list":{"0":"post-4803","1":"post","2":"type-post","3":"status-publish","4":"format-standard","5":"has-post-thumbnail","7":"category-locales"},"aioseo_notices":[],"_links":{"self":[{"href":"https:\/\/lalupa24.com.ar\/index.php\/wp-json\/wp\/v2\/posts\/4803","targetHints":{"allow":["GET"]}}],"collection":[{"href":"https:\/\/lalupa24.com.ar\/index.php\/wp-json\/wp\/v2\/posts"}],"about":[{"href":"https:\/\/lalupa24.com.ar\/index.php\/wp-json\/wp\/v2\/types\/post"}],"author":[{"embeddable":true,"href":"https:\/\/lalupa24.com.ar\/index.php\/wp-json\/wp\/v2\/users\/11"}],"replies":[{"embeddable":true,"href":"https:\/\/lalupa24.com.ar\/index.php\/wp-json\/wp\/v2\/comments?post=4803"}],"version-history":[{"count":1,"href":"https:\/\/lalupa24.com.ar\/index.php\/wp-json\/wp\/v2\/posts\/4803\/revisions"}],"predecessor-version":[{"id":4805,"href":"https:\/\/lalupa24.com.ar\/index.php\/wp-json\/wp\/v2\/posts\/4803\/revisions\/4805"}],"wp:featuredmedia":[{"embeddable":true,"href":"https:\/\/lalupa24.com.ar\/index.php\/wp-json\/wp\/v2\/media\/4804"}],"wp:attachment":[{"href":"https:\/\/lalupa24.com.ar\/index.php\/wp-json\/wp\/v2\/media?parent=4803"}],"wp:term":[{"taxonomy":"category","embeddable":true,"href":"https:\/\/lalupa24.com.ar\/index.php\/wp-json\/wp\/v2\/categories?post=4803"},{"taxonomy":"post_tag","embeddable":true,"href":"https:\/\/lalupa24.com.ar\/index.php\/wp-json\/wp\/v2\/tags?post=4803"}],"curies":[{"name":"wp","href":"https:\/\/api.w.org\/{rel}","templated":true}]}}