{"id":482,"date":"2024-03-08T23:59:47","date_gmt":"2024-03-09T02:59:47","guid":{"rendered":"https:\/\/lalupa24.com.ar\/?p=482"},"modified":"2024-03-08T23:59:48","modified_gmt":"2024-03-09T02:59:48","slug":"zdero-en-bs-as-se-abre-el-dialogo-hacia-el-25-de-mayo","status":"publish","type":"post","link":"https:\/\/lalupa24.com.ar\/index.php\/2024\/03\/08\/zdero-en-bs-as-se-abre-el-dialogo-hacia-el-25-de-mayo\/","title":{"rendered":"ZDERO EN BS AS: \u201cSE ABRE EL DI\u00c1LOGO HACIA EL 25 DE MAYO\u201d\u00a0"},"content":{"rendered":"\n<p><b style=\"font-family: Arial, Helvetica, sans-serif;font-size: small\">El gobernador Leandro Zdero, asisti\u00f3 el viernes por la tarde junto a sus pares, en Casa Rosada, a la reuni\u00f3n convocada por el\u00a0gobierno nacional en la que estuvieron presentes el jefe de gabinete de ministros, Nicol\u00e1s Posse y el ministro del Interior, Guillermo Francos. \u201cFue una muy buena reuni\u00f3n, un di\u00e1logo entre todos y con respeto. Los temas abordados fueron la reforma del estado y el paquete fiscal, entre otros; y destaco, despu\u00e9s de finalizada esta convocatoria, que se abre el di\u00e1logo hacia el 25 de mayo\u201d- se\u00f1al\u00f3 Zdero.<\/b><span style=\"font-family: Arial, Helvetica, sans-serif;font-size: small\">La reuni\u00f3n dur\u00f3 cerca de 4 horas, all\u00ed coincidieron los gobernadores y los funcionarios del gobierno nacional, seguir trabajando mancomunadamente, entre el ministerio del Interior y los ministros de econom\u00eda y de gobierno; de cada provincia. \u201cFue una reuni\u00f3n amena, un ida y vuelta permanente y donde se plante\u00f3 una Ley de Bases simplificada. Adem\u00e1s, se abre una instancia de much\u00edsimas expectativas para que interact\u00faen los equipos, en la faz econ\u00f3mica y pol\u00edtica, que tiene que ver con la realidad de cada provincia\u201d- agreg\u00f3 el mandatario. \u00a0Por las dem\u00e1s provincias asistieron: los gobernadores de Corrientes, Gustavo Vald\u00e9s; de Santiago del Estero, Gerardo Zamora; de Misiones, Hugo Passalacqua; de San Luis, Claudio Poggi; de Neuqu\u00e9n, Rolando Figueroa; de Jujuy, Carlos Sadir; de San Juan, Marcelo Orrego; de C\u00f3rdoba, Mart\u00edn Llaryora; de Tierra del Fuego, Gustavo Melella; de La Pampa, Sergio Ziliotto; de Buenos Aires, Axel Kicillof; de Chubut, Ignacio Torres; de Entre R\u00edos, Rogelio Frigerio; de R\u00edo Negro, Alberto Weretilneck; de Tucum\u00e1n, Osvaldo Jaldo; de Salta, Gustavo S\u00e1enz; y de Catamarca, Ra\u00fal Jalil, de Santa Cruz; Claudio Vidal. Tambi\u00e9n estuvieron el jefe de gobierno de la Ciudad Aut\u00f3noma de Buenos Aires, Jorge Macri; las vicegobernadoras de La Rioja, Teresita Madera; de Mendoza, Hebe Casado, y de Santa Fe, Gisela Scaglia; y el vicegobernador de Formosa, Eber Sol\u00eds.<\/span><\/p>\n","protected":false},"excerpt":{"rendered":"<p>El gobernador Leandro Zdero, asisti\u00f3 el viernes por la tarde junto a sus pares, en Casa Rosada, a la reuni\u00f3n convocada por el\u00a0gobierno nacional en la que estuvieron presentes el jefe de gabinete de ministros, Nicol\u00e1s Posse y el ministro del Interior, Guillermo Francos. \u201cFue una muy buena reuni\u00f3n, un di\u00e1logo entre todos y con [&hellip;]<\/p>\n","protected":false},"author":2,"featured_media":483,"comment_status":"open","ping_status":"open","sticky":false,"template":"","format":"standard","meta":{"footnotes":""},"categories":[28],"tags":[76,77,32,78],"class_list":{"0":"post-482","1":"post","2":"type-post","3":"status-publish","4":"format-standard","5":"has-post-thumbnail","7":"category-locales","8":"tag-25-de-mayo","9":"tag-casa-rosada","10":"tag-leandro-zdero","11":"tag-reunion-gobernadores"},"aioseo_notices":[],"_links":{"self":[{"href":"https:\/\/lalupa24.com.ar\/index.php\/wp-json\/wp\/v2\/posts\/482","targetHints":{"allow":["GET"]}}],"collection":[{"href":"https:\/\/lalupa24.com.ar\/index.php\/wp-json\/wp\/v2\/posts"}],"about":[{"href":"https:\/\/lalupa24.com.ar\/index.php\/wp-json\/wp\/v2\/types\/post"}],"author":[{"embeddable":true,"href":"https:\/\/lalupa24.com.ar\/index.php\/wp-json\/wp\/v2\/users\/2"}],"replies":[{"embeddable":true,"href":"https:\/\/lalupa24.com.ar\/index.php\/wp-json\/wp\/v2\/comments?post=482"}],"version-history":[{"count":1,"href":"https:\/\/lalupa24.com.ar\/index.php\/wp-json\/wp\/v2\/posts\/482\/revisions"}],"predecessor-version":[{"id":484,"href":"https:\/\/lalupa24.com.ar\/index.php\/wp-json\/wp\/v2\/posts\/482\/revisions\/484"}],"wp:featuredmedia":[{"embeddable":true,"href":"https:\/\/lalupa24.com.ar\/index.php\/wp-json\/wp\/v2\/media\/483"}],"wp:attachment":[{"href":"https:\/\/lalupa24.com.ar\/index.php\/wp-json\/wp\/v2\/media?parent=482"}],"wp:term":[{"taxonomy":"category","embeddable":true,"href":"https:\/\/lalupa24.com.ar\/index.php\/wp-json\/wp\/v2\/categories?post=482"},{"taxonomy":"post_tag","embeddable":true,"href":"https:\/\/lalupa24.com.ar\/index.php\/wp-json\/wp\/v2\/tags?post=482"}],"curies":[{"name":"wp","href":"https:\/\/api.w.org\/{rel}","templated":true}]}}