{"id":4820,"date":"2025-03-18T13:41:13","date_gmt":"2025-03-18T16:41:13","guid":{"rendered":"https:\/\/lalupa24.com.ar\/?p=4820"},"modified":"2025-03-18T13:41:14","modified_gmt":"2025-03-18T16:41:14","slug":"magda-ayala-anuncio-una-recomposicion-salarial-del-17-para-trabajadores-municipales","status":"publish","type":"post","link":"https:\/\/lalupa24.com.ar\/index.php\/2025\/03\/18\/magda-ayala-anuncio-una-recomposicion-salarial-del-17-para-trabajadores-municipales\/","title":{"rendered":"Magda Ayala anunci\u00f3 una recomposici\u00f3n salarial del 17% para trabajadores municipales"},"content":{"rendered":"\n<p>La intendente de Barranqueras, Magda Ayala, junto con el secretario de Hacienda y Administraci\u00f3n, Juan Zacar\u00edas, y la secretaria de Gobierno, Paola Latyn, mantuvieron una reuni\u00f3n con representantes de los gremios municipales para anunciar una nueva recomposici\u00f3n salarial que beneficiar\u00e1 a todos los trabajadores, cualquiera sea su situaci\u00f3n de revista y a jubilados de la administraci\u00f3n municipal<\/p>\n\n\n\n<p>En el encuentro participaron Walter Vargas (SUOEMB), Lucy Lobos (Asociaci\u00f3n Sindical de Trabajadores Municipales de Barranqueras), Walter Fern\u00e1ndez (STMB) y Perla Portal (UPCN). Durante la reuni\u00f3n, se acord\u00f3 un incremento del 17%, que se aplicar\u00e1 de manera escalonada con un 4% mensual desde marzo hasta junio.<\/p>\n\n\n\n<p>Adem\u00e1s, se confirm\u00f3 una recomposici\u00f3n del 25% en abril para el refrigerio, a la que se sumar\u00e1n aumentos del 4% en mayo y julio, alcanzando as\u00ed un incremento total del 35% en este concepto.<\/p>\n\n\n\n<p>Este acuerdo refleja el compromiso de la gesti\u00f3n municipal con el esfuerzo diario de los trabajadores, asegurando mejoras que permitan acompa\u00f1ar sus necesidades y fortalecer su bienestar.<\/p>\n","protected":false},"excerpt":{"rendered":"<p>La intendente de Barranqueras, Magda Ayala, junto con el secretario de Hacienda y Administraci\u00f3n, Juan Zacar\u00edas, y la secretaria de Gobierno, Paola Latyn, mantuvieron una reuni\u00f3n con representantes de los gremios municipales para anunciar una nueva recomposici\u00f3n salarial que beneficiar\u00e1 a todos los trabajadores, cualquiera sea su situaci\u00f3n de revista y a jubilados de la [&hellip;]<\/p>\n","protected":false},"author":11,"featured_media":4821,"comment_status":"open","ping_status":"open","sticky":false,"template":"","format":"standard","meta":{"footnotes":""},"categories":[28],"tags":[],"class_list":{"0":"post-4820","1":"post","2":"type-post","3":"status-publish","4":"format-standard","5":"has-post-thumbnail","7":"category-locales"},"aioseo_notices":[],"_links":{"self":[{"href":"https:\/\/lalupa24.com.ar\/index.php\/wp-json\/wp\/v2\/posts\/4820","targetHints":{"allow":["GET"]}}],"collection":[{"href":"https:\/\/lalupa24.com.ar\/index.php\/wp-json\/wp\/v2\/posts"}],"about":[{"href":"https:\/\/lalupa24.com.ar\/index.php\/wp-json\/wp\/v2\/types\/post"}],"author":[{"embeddable":true,"href":"https:\/\/lalupa24.com.ar\/index.php\/wp-json\/wp\/v2\/users\/11"}],"replies":[{"embeddable":true,"href":"https:\/\/lalupa24.com.ar\/index.php\/wp-json\/wp\/v2\/comments?post=4820"}],"version-history":[{"count":1,"href":"https:\/\/lalupa24.com.ar\/index.php\/wp-json\/wp\/v2\/posts\/4820\/revisions"}],"predecessor-version":[{"id":4822,"href":"https:\/\/lalupa24.com.ar\/index.php\/wp-json\/wp\/v2\/posts\/4820\/revisions\/4822"}],"wp:featuredmedia":[{"embeddable":true,"href":"https:\/\/lalupa24.com.ar\/index.php\/wp-json\/wp\/v2\/media\/4821"}],"wp:attachment":[{"href":"https:\/\/lalupa24.com.ar\/index.php\/wp-json\/wp\/v2\/media?parent=4820"}],"wp:term":[{"taxonomy":"category","embeddable":true,"href":"https:\/\/lalupa24.com.ar\/index.php\/wp-json\/wp\/v2\/categories?post=4820"},{"taxonomy":"post_tag","embeddable":true,"href":"https:\/\/lalupa24.com.ar\/index.php\/wp-json\/wp\/v2\/tags?post=4820"}],"curies":[{"name":"wp","href":"https:\/\/api.w.org\/{rel}","templated":true}]}}