{"id":4844,"date":"2025-03-18T17:53:23","date_gmt":"2025-03-18T20:53:23","guid":{"rendered":"https:\/\/lalupa24.com.ar\/?p=4844"},"modified":"2025-03-18T17:53:24","modified_gmt":"2025-03-18T20:53:24","slug":"se-garantiza-la-construccion-de-un-aula-en-la-escuela-819-de-miraflores","status":"publish","type":"post","link":"https:\/\/lalupa24.com.ar\/index.php\/2025\/03\/18\/se-garantiza-la-construccion-de-un-aula-en-la-escuela-819-de-miraflores\/","title":{"rendered":"Se garantiza la construcci\u00f3n de un aula en la escuela 819 de Miraflores"},"content":{"rendered":"\n<p><\/p>\n\n\n\n<p><em>El Ministerio de Educaci\u00f3n de la Provincia, a trav\u00e9s de la subsecretaria de Interculturalidad y Pluriling\u00fcismo, Vilma Coria, la semana pasada trabaj\u00f3 junto a la comunidad del anexo de la Escuela de Educaci\u00f3n Primaria (EEP) N\u00ba 819, ubicado en el Lote 25 del Paraje \u201cEl Retiro\u201d de Miraflores, con el fin de recuperar un Aula Taller M\u00f3vil (ATM) que hab\u00eda sido tomada hace tres a\u00f1os, en reclamo de la construcci\u00f3n de un sal\u00f3n para el dictado de clases.<\/em><\/p>\n\n\n\n<p>La subsecretaria Coria se reuni\u00f3 con la comunidad, compuesta por personas de las etnias wich\u00ed y qom, acordando la devoluci\u00f3n del ATM de la especialidad Inform\u00e1tica, que el Instituto Nacional de Educaci\u00f3n Tecnol\u00f3gica asign\u00f3 a la Provincia para garantizar la formaci\u00f3n itinerante de cursos en oficios para j\u00f3venes y adultos de todo el Chaco.<br>Esta unidad por el transcurso del tiempo \u201cse encuentra muy deteriorada\u201d. Cabe se\u00f1alar que el ATM fue trasladado con la colaboraci\u00f3n de equipos de Vialidad Provincial y en este momento se encuentra en custodia de este organismo, donde se evaluar\u00e1n las reparaciones necesarias para ponerlo nuevamente en funcionamiento, de manera tal que pueda seguir cumpliendo los fines para los que fueran asignados.<br>\u201cNosotros nos comprometimos ante los miembros de esta poblaci\u00f3n, gestionando la construcci\u00f3n de un aula m\u00e1s para el anexo de esta escuela, donde asisten (en plurigrado) 30 ni\u00f1os de primero a s\u00e9ptimo grado,\u201d, manifest\u00f3 Coria.<br>Al respecto, expres\u00f3: \u201cDesde el Ministerio de Educaci\u00f3n a trav\u00e9s de la Subsecretaria a mi cargo, estamos trabajando junto a la comunidad, que hace tres a\u00f1os est\u00e1 a la espera de un aula nueva, el compromiso y la decisi\u00f3n pol\u00edtica est\u00e1, s\u00f3lo les pedimos un poco de paciencia\u201d.<br>\u201cEn el marco de esta visita llevamos materiales de construcci\u00f3n para un aljibe, ya que esa comunidad tiene problemas con el abastecimiento de agua\u201d, se\u00f1al\u00f3 Coria. Escuchando el reclamo de los vecinos sobre la necesidad de Asistencia del Municipio de Miraflores, para trabajar en conjunto.<\/p>\n\n\n\n<p><em>ELECCIONES DE CONSEJOS COMUNITARIOS DE PUEBLOS ORIGINARIOS<\/em><br>Por otro lado, la subsecretaria de Interculturalidad y Pluriling\u00fcismo indic\u00f3 que atendiendo el pedido del gobernador Zdero y la ministra de Educaci\u00f3n de fortalecer la gesti\u00f3n en territorio, en la oportunidad recorri\u00f3 varias localidades de la provincia, donde hay instituciones educativas de todos los niveles (Inicial, Primario, Secundario e inclusive en algunos de Educaci\u00f3n Superior), con motivo de las elecciones de los Consejos Comunitarios de Pueblos Originarios que se realizar\u00e1n el 22 de junio. \u201cEstuvimos con las comunidades de Pampa del Indio, en el Paraje El Colch\u00f3n de Villa R\u00edo Bermejito, S\u00e1enz Pe\u00f1a, Paraje Rancho Viejo de La Leonesa; y para ello se est\u00e1 capacitando a los consejos comunitarios para esta elecci\u00f3n\u201d.<br>\u201cLas comunidades est\u00e1n ansiosas esperando las elecciones y tambi\u00e9n estamos recepcionamos pedidos e inquietudes de las mismas, dando las respuestas correspondientes. Para consolidar las pol\u00edticas educativas en las comunidades\u201d.<\/p>\n","protected":false},"excerpt":{"rendered":"<p>El Ministerio de Educaci\u00f3n de la Provincia, a trav\u00e9s de la subsecretaria de Interculturalidad y Pluriling\u00fcismo, Vilma Coria, la semana pasada trabaj\u00f3 junto a la comunidad del anexo de la Escuela de Educaci\u00f3n Primaria (EEP) N\u00ba 819, ubicado en el Lote 25 del Paraje \u201cEl Retiro\u201d de Miraflores, con el fin de recuperar un Aula [&hellip;]<\/p>\n","protected":false},"author":2,"featured_media":4845,"comment_status":"open","ping_status":"open","sticky":false,"template":"","format":"standard","meta":{"footnotes":""},"categories":[27],"tags":[],"class_list":{"0":"post-4844","1":"post","2":"type-post","3":"status-publish","4":"format-standard","5":"has-post-thumbnail","7":"category-interior"},"aioseo_notices":[],"_links":{"self":[{"href":"https:\/\/lalupa24.com.ar\/index.php\/wp-json\/wp\/v2\/posts\/4844","targetHints":{"allow":["GET"]}}],"collection":[{"href":"https:\/\/lalupa24.com.ar\/index.php\/wp-json\/wp\/v2\/posts"}],"about":[{"href":"https:\/\/lalupa24.com.ar\/index.php\/wp-json\/wp\/v2\/types\/post"}],"author":[{"embeddable":true,"href":"https:\/\/lalupa24.com.ar\/index.php\/wp-json\/wp\/v2\/users\/2"}],"replies":[{"embeddable":true,"href":"https:\/\/lalupa24.com.ar\/index.php\/wp-json\/wp\/v2\/comments?post=4844"}],"version-history":[{"count":1,"href":"https:\/\/lalupa24.com.ar\/index.php\/wp-json\/wp\/v2\/posts\/4844\/revisions"}],"predecessor-version":[{"id":4846,"href":"https:\/\/lalupa24.com.ar\/index.php\/wp-json\/wp\/v2\/posts\/4844\/revisions\/4846"}],"wp:featuredmedia":[{"embeddable":true,"href":"https:\/\/lalupa24.com.ar\/index.php\/wp-json\/wp\/v2\/media\/4845"}],"wp:attachment":[{"href":"https:\/\/lalupa24.com.ar\/index.php\/wp-json\/wp\/v2\/media?parent=4844"}],"wp:term":[{"taxonomy":"category","embeddable":true,"href":"https:\/\/lalupa24.com.ar\/index.php\/wp-json\/wp\/v2\/categories?post=4844"},{"taxonomy":"post_tag","embeddable":true,"href":"https:\/\/lalupa24.com.ar\/index.php\/wp-json\/wp\/v2\/tags?post=4844"}],"curies":[{"name":"wp","href":"https:\/\/api.w.org\/{rel}","templated":true}]}}