{"id":4847,"date":"2025-03-18T18:05:15","date_gmt":"2025-03-18T21:05:15","guid":{"rendered":"https:\/\/lalupa24.com.ar\/?p=4847"},"modified":"2025-03-18T18:05:16","modified_gmt":"2025-03-18T21:05:16","slug":"zago-quedo-al-frente-de-la-bicameral-de-dnu","status":"publish","type":"post","link":"https:\/\/lalupa24.com.ar\/index.php\/2025\/03\/18\/zago-quedo-al-frente-de-la-bicameral-de-dnu\/","title":{"rendered":"Zago qued\u00f3 al frente de la Bicameral de DNU"},"content":{"rendered":"\n<p>La reuni\u00f3n se retras\u00f3 por m\u00e1s de una hora y media. Uni\u00f3n por la Patria estuvo cerca de poner al presidente, pero un exaliado propuso otra moci\u00f3n. C\u00f3mo vot\u00f3 Lisandro Almir\u00f3n, quien hace una semana se trenz\u00f3 con Zago en el recinto de la C\u00e1mara baja.<\/p>\n\n\n\n<p>Cuando se cre\u00eda que el oficialismo iba a lograr un r\u00e1pido dictamen del acuerdo con el Fondo, la oposici\u00f3n logr\u00f3 retrasar por m\u00e1s de una hora y media el arranque del debate. Los miembros de Uni\u00f3n por la Patria no reconocieron a Juan Carlos Pagotto como titular y la Presidencia de la Comisi\u00f3n Bicameral de Tr\u00e1mite Legislativo resolvi\u00f3 que Oscar Zago se quede a cargo.<\/p>\n\n\n\n<p>El retraso del arranque de la reuni\u00f3n fue ocasionado porque la diputada nacional Carolina Gaillard (UP) confront\u00f3 al senador riojano, a quien le enrostr\u00f3 que el art\u00edculo 3 del reglamento establece que \u201cla Presidencia es alternativa y corresponde un a\u00f1o a cada C\u00e1mara\u201d.<\/p>\n\n\n\n<p>Finalmente, el secretario parlamentario Agust\u00edn Giustinian tom\u00f3 las riendas de la reuni\u00f3n y hubo dos propuestas: la de Pagotto, y la propuesta por la senadora de UP Anabel Fern\u00e1ndez Sagasti para que la comisi\u00f3n quede bajo el mando del diputado nacional Nicol\u00e1s Massot.<\/p>\n","protected":false},"excerpt":{"rendered":"<p>La reuni\u00f3n se retras\u00f3 por m\u00e1s de una hora y media. Uni\u00f3n por la Patria estuvo cerca de poner al presidente, pero un exaliado propuso otra moci\u00f3n. C\u00f3mo vot\u00f3 Lisandro Almir\u00f3n, quien hace una semana se trenz\u00f3 con Zago en el recinto de la C\u00e1mara baja. Cuando se cre\u00eda que el oficialismo iba a lograr [&hellip;]<\/p>\n","protected":false},"author":11,"featured_media":4848,"comment_status":"open","ping_status":"open","sticky":false,"template":"","format":"standard","meta":{"footnotes":""},"categories":[26],"tags":[],"class_list":{"0":"post-4847","1":"post","2":"type-post","3":"status-publish","4":"format-standard","5":"has-post-thumbnail","7":"category-nacionales"},"aioseo_notices":[],"_links":{"self":[{"href":"https:\/\/lalupa24.com.ar\/index.php\/wp-json\/wp\/v2\/posts\/4847","targetHints":{"allow":["GET"]}}],"collection":[{"href":"https:\/\/lalupa24.com.ar\/index.php\/wp-json\/wp\/v2\/posts"}],"about":[{"href":"https:\/\/lalupa24.com.ar\/index.php\/wp-json\/wp\/v2\/types\/post"}],"author":[{"embeddable":true,"href":"https:\/\/lalupa24.com.ar\/index.php\/wp-json\/wp\/v2\/users\/11"}],"replies":[{"embeddable":true,"href":"https:\/\/lalupa24.com.ar\/index.php\/wp-json\/wp\/v2\/comments?post=4847"}],"version-history":[{"count":1,"href":"https:\/\/lalupa24.com.ar\/index.php\/wp-json\/wp\/v2\/posts\/4847\/revisions"}],"predecessor-version":[{"id":4849,"href":"https:\/\/lalupa24.com.ar\/index.php\/wp-json\/wp\/v2\/posts\/4847\/revisions\/4849"}],"wp:featuredmedia":[{"embeddable":true,"href":"https:\/\/lalupa24.com.ar\/index.php\/wp-json\/wp\/v2\/media\/4848"}],"wp:attachment":[{"href":"https:\/\/lalupa24.com.ar\/index.php\/wp-json\/wp\/v2\/media?parent=4847"}],"wp:term":[{"taxonomy":"category","embeddable":true,"href":"https:\/\/lalupa24.com.ar\/index.php\/wp-json\/wp\/v2\/categories?post=4847"},{"taxonomy":"post_tag","embeddable":true,"href":"https:\/\/lalupa24.com.ar\/index.php\/wp-json\/wp\/v2\/tags?post=4847"}],"curies":[{"name":"wp","href":"https:\/\/api.w.org\/{rel}","templated":true}]}}