{"id":4862,"date":"2025-03-19T00:41:49","date_gmt":"2025-03-19T03:41:49","guid":{"rendered":"https:\/\/lalupa24.com.ar\/?p=4862"},"modified":"2025-03-19T00:41:50","modified_gmt":"2025-03-19T03:41:50","slug":"en-santa-sylvina-y-en-coronel-du-graty-articulacion-del-programa-fortaleza-con-educacion","status":"publish","type":"post","link":"https:\/\/lalupa24.com.ar\/index.php\/2025\/03\/19\/en-santa-sylvina-y-en-coronel-du-graty-articulacion-del-programa-fortaleza-con-educacion\/","title":{"rendered":"En Santa Sylvina y en Coronel Du Graty: articulaci\u00f3n del programa \u201cfortaleza\u201d con educaci\u00f3n"},"content":{"rendered":"\n<p>En el marco de una firme pol\u00edtica de prevenci\u00f3n y contenci\u00f3n de consumos problem\u00e1ticos, la vicegobernadora, Silvana Schneider, junto a la ministra de Educaci\u00f3n, Prof. Sof\u00eda Naidenoff, encabez\u00f3 hoy la articulaci\u00f3n entre el Programa Fortaleza y el Ministerio de Educaci\u00f3n. Estos importantes encuentros se realizaron en las localidades de Santa Sylvina y Coronel Du Graty.<\/p>\n\n\n\n<p>Durante su discurso, con cada intendente, Susana Maggio de Santa Sylvina y \u00d3scar Dalmasso de Du Graty, la vicegobernadora expres\u00f3: \u201cHoy anunciamos el comienzo de la articulaci\u00f3n entre el Programa Fortaleza y el Ministerio de Educaci\u00f3n de la provincia del Chaco. Fundamentalmente, queremos transformar a las instituciones educativas en un espacio para la prevenci\u00f3n, la contenci\u00f3n y la concientizaci\u00f3n de los consumos problem\u00e1ticos\u201d.<\/p>\n\n\n\n<p>El Programa Fortaleza se posiciona como una iniciativa integral que busca brindar herramientas a la comunidad educativa para detectar y abordar esta problem\u00e1tica. En este contexto, se present\u00f3 el programa &#8220;Creciendo con Fortalezas: Educaci\u00f3n para la Prevenci\u00f3n y Abordaje del Consumo Problem\u00e1tico&#8221;, que se implementar\u00e1 en distintos niveles educativos con un enfoque preventivo y formativo.<\/p>\n\n\n\n<p>Asimismo, la jornada cont\u00f3 con la participaci\u00f3n de estudiantes de escuelas secundarias, quienes fueron protagonistas activos en la reflexi\u00f3n y el debate sobre la importancia de la prevenci\u00f3n y el fortalecimiento de factores de protecci\u00f3n.<\/p>\n\n\n\n<p>Otro de los programas presentados fue Impulsar Chaco, liderado por la subsecretaria de Trabajo, Capacitaci\u00f3n y Empleo, Dra. Noel Ibarra, que busca acompa\u00f1ar a personas que atraviesan situaciones de consumo problem\u00e1tico en su reinserci\u00f3n laboral.<\/p>\n\n\n\n<p>Se destac\u00f3 adem\u00e1s, el acompa\u00f1amiento de la Subsecretar\u00eda Contra el Narcotr\u00e1fico y el Crimen Organizado, a cargo de Anal\u00eda Ram\u00edrez, que subray\u00f3 la importancia de las acciones interinstitucionales para enfrentar esta problem\u00e1tica de manera integral.<\/p>\n\n\n\n<p>La vicegobernadora Silvana Schneider reafirm\u00f3 el compromiso del Gobierno Provincial en continuar fortaleciendo pol\u00edticas de prevenci\u00f3n en el \u00e1mbito educativo y comunitario, destacando que \u201cqueremos acompa\u00f1arlos y darles las herramientas necesarias para salir adelante\u201d.<\/p>\n\n\n\n<p>Con la presencia de autoridades provinciales, educativas y de salud, esta articulaci\u00f3n refuerza la construcci\u00f3n de espacios de di\u00e1logo y acci\u00f3n para prevenir el consumo problem\u00e1tico, promoviendo una juventud m\u00e1s informada, consciente y fortalecida.<\/p>\n\n\n\n<p>Si est\u00e1s atravesando una situaci\u00f3n de consumos problem\u00e1ticos o conoces a alguien pod\u00e9s comunicarte con guardia remota: turno diurno Cel.3624-618432, (08 a 20 Hs.), turno nocturno, Cel.3624-814825, (20 a 08 Hs.).<\/p>\n","protected":false},"excerpt":{"rendered":"<p>En el marco de una firme pol\u00edtica de prevenci\u00f3n y contenci\u00f3n de consumos problem\u00e1ticos, la vicegobernadora, Silvana Schneider, junto a la ministra de Educaci\u00f3n, Prof. Sof\u00eda Naidenoff, encabez\u00f3 hoy la articulaci\u00f3n entre el Programa Fortaleza y el Ministerio de Educaci\u00f3n. Estos importantes encuentros se realizaron en las localidades de Santa Sylvina y Coronel Du Graty. [&hellip;]<\/p>\n","protected":false},"author":11,"featured_media":4863,"comment_status":"open","ping_status":"open","sticky":false,"template":"","format":"standard","meta":{"footnotes":""},"categories":[27],"tags":[],"class_list":{"0":"post-4862","1":"post","2":"type-post","3":"status-publish","4":"format-standard","5":"has-post-thumbnail","7":"category-interior"},"aioseo_notices":[],"_links":{"self":[{"href":"https:\/\/lalupa24.com.ar\/index.php\/wp-json\/wp\/v2\/posts\/4862","targetHints":{"allow":["GET"]}}],"collection":[{"href":"https:\/\/lalupa24.com.ar\/index.php\/wp-json\/wp\/v2\/posts"}],"about":[{"href":"https:\/\/lalupa24.com.ar\/index.php\/wp-json\/wp\/v2\/types\/post"}],"author":[{"embeddable":true,"href":"https:\/\/lalupa24.com.ar\/index.php\/wp-json\/wp\/v2\/users\/11"}],"replies":[{"embeddable":true,"href":"https:\/\/lalupa24.com.ar\/index.php\/wp-json\/wp\/v2\/comments?post=4862"}],"version-history":[{"count":1,"href":"https:\/\/lalupa24.com.ar\/index.php\/wp-json\/wp\/v2\/posts\/4862\/revisions"}],"predecessor-version":[{"id":4864,"href":"https:\/\/lalupa24.com.ar\/index.php\/wp-json\/wp\/v2\/posts\/4862\/revisions\/4864"}],"wp:featuredmedia":[{"embeddable":true,"href":"https:\/\/lalupa24.com.ar\/index.php\/wp-json\/wp\/v2\/media\/4863"}],"wp:attachment":[{"href":"https:\/\/lalupa24.com.ar\/index.php\/wp-json\/wp\/v2\/media?parent=4862"}],"wp:term":[{"taxonomy":"category","embeddable":true,"href":"https:\/\/lalupa24.com.ar\/index.php\/wp-json\/wp\/v2\/categories?post=4862"},{"taxonomy":"post_tag","embeddable":true,"href":"https:\/\/lalupa24.com.ar\/index.php\/wp-json\/wp\/v2\/tags?post=4862"}],"curies":[{"name":"wp","href":"https:\/\/api.w.org\/{rel}","templated":true}]}}