{"id":4907,"date":"2025-03-19T17:35:23","date_gmt":"2025-03-19T20:35:23","guid":{"rendered":"https:\/\/lalupa24.com.ar\/?p=4907"},"modified":"2025-03-19T17:35:25","modified_gmt":"2025-03-19T20:35:25","slug":"saenz-pena-el-gobernador-zdero-habilito-la-refuncionalizacion-del-pabellon-5-de-la-unidad-penitenciaria-n-2","status":"publish","type":"post","link":"https:\/\/lalupa24.com.ar\/index.php\/2025\/03\/19\/saenz-pena-el-gobernador-zdero-habilito-la-refuncionalizacion-del-pabellon-5-de-la-unidad-penitenciaria-n-2\/","title":{"rendered":"S\u00c1ENZ PE\u00d1A: EL GOBERNADOR ZDERO HABILIT\u00d3 LA REFUNCIONALIZACI\u00d3N DEL PABELL\u00d3N 5, DE LA UNIDAD PENITENCIARIA N\u00b0 2"},"content":{"rendered":"\n<p><strong>Este mi\u00e9rcoles, el gobernador Leandro Zdero se refiri\u00f3 a la obra que ampli\u00f3 la capacidad de alojamiento del Pabell\u00f3n a 102 detenidos, distribuidos en 26 celdas. A esto se le suma la incorporaci\u00f3n de nuevos agentes al Servicio Penitenciario Provincial. \u201cEs necesario descomprimir las comisar\u00edas, nuestro objetivo es que los ciudadanos vivan mejor y m\u00e1s seguros\u201d, sostuvo el gobernador.<br><\/strong>\u201cEs una deuda del Ejecutivo Provincial que data de hace much\u00edsimos a\u00f1os y era necesario atender\u201d, indic\u00f3 y remarc\u00f3 la necesidad de ordenar la situaci\u00f3n carcelaria a fin de reducir la cantidad de detenidos en las comisar\u00edas.<br>A esto se le sumar\u00e1n las obras iniciadas en el pabell\u00f3n N\u00b0 7, que se encontraba clausurado. Avanza as\u00ed el programa de obras integrales tendientes a ampliar la capacidad y mejorar las condiciones de las unidades penitenciarias de la provincia. Entre ellas, intervenciones en Charata, Fontana&nbsp; y en Villa Los Lirios de Resistencia, donde existe una unidad de detenci\u00f3n modelo para mujeres.<br>&nbsp;\u201cEs necesario descomprimir las comisar\u00edas, desde hace mucho tiempo\u201d, sostuvo y record\u00f3 que se cumple as\u00ed con los requerimientos de la Justicia. De esta manera se implementa el Plan Estrat\u00e9gico de Seguridad en toda la provincia.<br>Acompa\u00f1aron, esta ma\u00f1ana, al Gobernador Zdero, el intendente de Presidencia Roque S\u00e1enz Pe\u00f1a Bruno Cipolini; el ministro de Seguridad Hugo Matkovich; el ministro de Infraestructura, Obras y Servicios P\u00fablicos Hugo Dom\u00ednguez y la jefa del Servicio Penitenciario Provincial del Chaco, Gilda Erika Maidana.<\/p>\n\n\n\n<p><strong>Matkovich: condiciones dignas a presos y personal policial<br><\/strong>El ministro de Seguridad Hugo Matkovich asegur\u00f3 se optimizan los recursos de la provincia para mejorar el sistema carcelario. \u201cSabemos que nos enfrentamos a comisar\u00edas superpobladas y la situaci\u00f3n actual es inaceptable: es incomprensible que haya m\u00e1s presos en comisar\u00edas que en el sistema penitenciario provincial\u201d, indic\u00f3.<br>\u201cEste problema es resultado del abandono y la desidia de muchos a\u00f1os de la gesti\u00f3n anterior, que priorizaba destinar recursos a otros sectores, como piqueteros o allegados al gobierno, en lugar de garantizar condiciones dignas a los privados de su libertad\u201d, agreg\u00f3.<br>Adem\u00e1s valor\u00f3 la incorporaci\u00f3n, el pr\u00f3ximo viernes, de 220 nuevos efectivos al Servicio Penitenciario Provincial.&nbsp; \u201cEs hist\u00f3rico, por primera vez se da continuidad a una etapa de incorporaci\u00f3n que es fundamental para garantizar la seguridad tanto para los detenidos como para la fuerza policial\u201d, indic\u00f3.<\/p>\n\n\n\n<p><strong>Cipolini: \u201cfortalecer cada eslab\u00f3n de la cadena de seguridad\u201d<br><\/strong>Por \u00faltimo, el intendente de S\u00e1enz Pe\u00f1a, Bruno Cipolini valor\u00f3 la importancia de la obra y la incorporaci\u00f3n de nuevos agentes, por lo que celebr\u00f3 la reapertura tambi\u00e9n de la Escuela de Polic\u00eda y la asignaci\u00f3n de recursos materiales en m\u00e1s seguridad para los chaque\u00f1os.<\/p>\n","protected":false},"excerpt":{"rendered":"<p>Este mi\u00e9rcoles, el gobernador Leandro Zdero se refiri\u00f3 a la obra que ampli\u00f3 la capacidad de alojamiento del Pabell\u00f3n a 102 detenidos, distribuidos en 26 celdas. A esto se le suma la incorporaci\u00f3n de nuevos agentes al Servicio Penitenciario Provincial. \u201cEs necesario descomprimir las comisar\u00edas, nuestro objetivo es que los ciudadanos vivan mejor y m\u00e1s [&hellip;]<\/p>\n","protected":false},"author":2,"featured_media":4908,"comment_status":"open","ping_status":"open","sticky":false,"template":"","format":"standard","meta":{"footnotes":""},"categories":[27],"tags":[],"class_list":{"0":"post-4907","1":"post","2":"type-post","3":"status-publish","4":"format-standard","5":"has-post-thumbnail","7":"category-interior"},"aioseo_notices":[],"_links":{"self":[{"href":"https:\/\/lalupa24.com.ar\/index.php\/wp-json\/wp\/v2\/posts\/4907","targetHints":{"allow":["GET"]}}],"collection":[{"href":"https:\/\/lalupa24.com.ar\/index.php\/wp-json\/wp\/v2\/posts"}],"about":[{"href":"https:\/\/lalupa24.com.ar\/index.php\/wp-json\/wp\/v2\/types\/post"}],"author":[{"embeddable":true,"href":"https:\/\/lalupa24.com.ar\/index.php\/wp-json\/wp\/v2\/users\/2"}],"replies":[{"embeddable":true,"href":"https:\/\/lalupa24.com.ar\/index.php\/wp-json\/wp\/v2\/comments?post=4907"}],"version-history":[{"count":1,"href":"https:\/\/lalupa24.com.ar\/index.php\/wp-json\/wp\/v2\/posts\/4907\/revisions"}],"predecessor-version":[{"id":4909,"href":"https:\/\/lalupa24.com.ar\/index.php\/wp-json\/wp\/v2\/posts\/4907\/revisions\/4909"}],"wp:featuredmedia":[{"embeddable":true,"href":"https:\/\/lalupa24.com.ar\/index.php\/wp-json\/wp\/v2\/media\/4908"}],"wp:attachment":[{"href":"https:\/\/lalupa24.com.ar\/index.php\/wp-json\/wp\/v2\/media?parent=4907"}],"wp:term":[{"taxonomy":"category","embeddable":true,"href":"https:\/\/lalupa24.com.ar\/index.php\/wp-json\/wp\/v2\/categories?post=4907"},{"taxonomy":"post_tag","embeddable":true,"href":"https:\/\/lalupa24.com.ar\/index.php\/wp-json\/wp\/v2\/tags?post=4907"}],"curies":[{"name":"wp","href":"https:\/\/api.w.org\/{rel}","templated":true}]}}