{"id":4910,"date":"2025-03-19T17:36:23","date_gmt":"2025-03-19T20:36:23","guid":{"rendered":"https:\/\/lalupa24.com.ar\/?p=4910"},"modified":"2025-03-19T17:36:24","modified_gmt":"2025-03-19T20:36:24","slug":"en-napenay-llega-la-articulacion-entre-el-programa-fortaleza-y-el-ministerio-de-educacion","status":"publish","type":"post","link":"https:\/\/lalupa24.com.ar\/index.php\/2025\/03\/19\/en-napenay-llega-la-articulacion-entre-el-programa-fortaleza-y-el-ministerio-de-educacion\/","title":{"rendered":"EN NAPENAY: LLEGA LA ARTICULACI\u00d3N ENTRE EL PROGRAMA FORTALEZA Y EL MINISTERIO DE EDUCACI\u00d3N"},"content":{"rendered":"\n<p><strong>Napenay se prepara para recibir al Programa Integral Fortaleza y al Ministerio de Educaci\u00f3n. La vicegobernadora, Silvana Schneider, encabezar\u00e1 una jornada de di\u00e1logo y compromiso, reafirmando el rol del Estado en la prevenci\u00f3n, contenci\u00f3n y asistencia a quienes m\u00e1s lo necesitan.<br><\/strong><br>El encuentro, tendr\u00e1 lugar este jueves 20 de marzo, a las 10:00 hs. en la Escuela N\u00b038 \u201cSergio Ra\u00fal Bauer\u201d, que reunir\u00e1 a especialistas en salud mental, autoridades locales, y miembros de la comunidad educativa.<\/p>\n\n\n\n<p><strong>\u00bfPor qu\u00e9 es importante este evento?<br><\/strong>En un contexto donde el consumo problem\u00e1tico afecta a j\u00f3venes y adultos, la articulaci\u00f3n de esfuerzos entre el gobierno, la educaci\u00f3n y la sociedad es fundamental. La vicegobernadora Silvana Schneider compartir\u00e1 herramientas claves para la detecci\u00f3n y abordaje de esta problem\u00e1tica, adem\u00e1s de fortalecer el acceso a redes de apoyo.<\/p>\n\n\n\n<p><strong>Un compromiso real con Napenay<br><\/strong>Junto a la vicegobernadora, estar\u00e1n presentes las subsecretar\u00edas de Trabajo, Capacitaci\u00f3n y Empleo, Noel Ibarra, de Lucha contra el Narcotr\u00e1fico Anal\u00eda Ram\u00edrez, especialistas del Programa Fortaleza, Lic. M\u00f3nica Pinoli, Dr. Salvador Cu\u00f1o, del Equipo de Salud Mental, Lic. Johana Machin y testimonios en primera persona, ofreciendo una visi\u00f3n integral y esperanzadora sobre las soluciones disponibles.<br>Invitamos a toda la comunidad educativa, autoridades locales a esta jornada de concientizaci\u00f3n y cambio.<br>Un evento para informarse, reflexionar y actuar. Napenay avanza con m\u00e1s prevenci\u00f3n y oportunidades para su gente.<\/p>\n\n\n\n<p><strong>Si est\u00e1s atravesando una situaci\u00f3n de consumos problem\u00e1ticos o conoces a alguien pod\u00e9s comunicarte con guardia remota: turno diurno Cel.3624-618432, (08 a 20 Hs.), turno nocturno, Cel.3624-814825, (20 a 08 Hs.).<\/strong><\/p>\n","protected":false},"excerpt":{"rendered":"<p>Napenay se prepara para recibir al Programa Integral Fortaleza y al Ministerio de Educaci\u00f3n. La vicegobernadora, Silvana Schneider, encabezar\u00e1 una jornada de di\u00e1logo y compromiso, reafirmando el rol del Estado en la prevenci\u00f3n, contenci\u00f3n y asistencia a quienes m\u00e1s lo necesitan.El encuentro, tendr\u00e1 lugar este jueves 20 de marzo, a las 10:00 hs. en la [&hellip;]<\/p>\n","protected":false},"author":2,"featured_media":4911,"comment_status":"open","ping_status":"open","sticky":false,"template":"","format":"standard","meta":{"footnotes":""},"categories":[27],"tags":[],"class_list":{"0":"post-4910","1":"post","2":"type-post","3":"status-publish","4":"format-standard","5":"has-post-thumbnail","7":"category-interior"},"aioseo_notices":[],"_links":{"self":[{"href":"https:\/\/lalupa24.com.ar\/index.php\/wp-json\/wp\/v2\/posts\/4910","targetHints":{"allow":["GET"]}}],"collection":[{"href":"https:\/\/lalupa24.com.ar\/index.php\/wp-json\/wp\/v2\/posts"}],"about":[{"href":"https:\/\/lalupa24.com.ar\/index.php\/wp-json\/wp\/v2\/types\/post"}],"author":[{"embeddable":true,"href":"https:\/\/lalupa24.com.ar\/index.php\/wp-json\/wp\/v2\/users\/2"}],"replies":[{"embeddable":true,"href":"https:\/\/lalupa24.com.ar\/index.php\/wp-json\/wp\/v2\/comments?post=4910"}],"version-history":[{"count":1,"href":"https:\/\/lalupa24.com.ar\/index.php\/wp-json\/wp\/v2\/posts\/4910\/revisions"}],"predecessor-version":[{"id":4912,"href":"https:\/\/lalupa24.com.ar\/index.php\/wp-json\/wp\/v2\/posts\/4910\/revisions\/4912"}],"wp:featuredmedia":[{"embeddable":true,"href":"https:\/\/lalupa24.com.ar\/index.php\/wp-json\/wp\/v2\/media\/4911"}],"wp:attachment":[{"href":"https:\/\/lalupa24.com.ar\/index.php\/wp-json\/wp\/v2\/media?parent=4910"}],"wp:term":[{"taxonomy":"category","embeddable":true,"href":"https:\/\/lalupa24.com.ar\/index.php\/wp-json\/wp\/v2\/categories?post=4910"},{"taxonomy":"post_tag","embeddable":true,"href":"https:\/\/lalupa24.com.ar\/index.php\/wp-json\/wp\/v2\/tags?post=4910"}],"curies":[{"name":"wp","href":"https:\/\/api.w.org\/{rel}","templated":true}]}}