{"id":5011,"date":"2025-03-24T13:30:09","date_gmt":"2025-03-24T16:30:09","guid":{"rendered":"https:\/\/lalupa24.com.ar\/?p=5011"},"modified":"2025-03-24T13:30:10","modified_gmt":"2025-03-24T16:30:10","slug":"26-de-marzo-se-realizara-el-taller-sobre-epilepsia-infantil-un-dia-para-comprender","status":"publish","type":"post","link":"https:\/\/lalupa24.com.ar\/index.php\/2025\/03\/24\/26-de-marzo-se-realizara-el-taller-sobre-epilepsia-infantil-un-dia-para-comprender\/","title":{"rendered":"26 de marzo: se realizar\u00e1 el taller sobre epilepsia infantil \u201cun d\u00eda para comprender\u201d"},"content":{"rendered":"\n<p>Este mi\u00e9rcoles 26 de marzo, en el marco del D\u00eda mundial para la concientizaci\u00f3n de la Epilepsia, el gobierno provincial invita a toda la comunidad al Taller sobre Epilepsia Infantil: \u201cUn d\u00eda para comprender\u201d. *Es gratuito, se realizar\u00e1 de manera presencial y virtual, de 8:30 a 15:30 hs.<br><br>El Taller se llevar\u00e1 adelante en la Casa de las Culturas, (Calle Marcelo T. de Alvear 90) de Resistencia, con la presencia de Neur\u00f3logos, Pediatras, Neuropsic\u00f3logo Infantil y el equipo de IPRODICH, entre otros profesionales.<br>Lo importante de esta jornada es que los profesionales van a brindar una comprensi\u00f3n b\u00e1sica de qu\u00e9 es la Epilepsia, sus tipos, causas y diferencia entre convulsiones y epilepsia; m\u00e1s tipos de epilepsia. Causas comunes y factores de riesgo; Mitos y realidades. C\u00f3mo reconocerla y actuar ante una Crisis Epil\u00e9ptica. Diferencia entre crisis convulsivas y no convulsivas. \u00bfQu\u00e9 hacer y qu\u00e9 no hacer durante una crisis? Primeros auxilios b\u00e1sicos ante una crisis.<br>Diagn\u00f3stico y Tratamiento (Para el Personal de Salud y Educadores) Proveer informaci\u00f3n avanzada sobre el diagn\u00f3stico, tratamiento y adaptaci\u00f3n<br>escolar para ni\u00f1os. Opciones de tratamientos. El papel de la familia en el manejo de la Epilepsia. La Vida Cotidiana: Impacto Emocional y Social. Apoyo psicol\u00f3gico para ni\u00f1os y adultos con epilepsia. El papel de la comunidad en la inclusi\u00f3n. Avances en Investigaci\u00f3n y Tratamientos Innovadores. Nuevas terapias. Investigaci\u00f3n cient\u00edfica: avances en la comprensi\u00f3n gen\u00e9tica. Tratamientos alternativos y su efectividad. Casos exitosos y la importancia de la investigaci\u00f3n cl\u00ednica.<br><br>Epilepsia y Autismo:<br>Adem\u00e1s, se abordar\u00e1 la relaci\u00f3n entre la Epilepsia y el autismo, y c\u00f3mo afectan el desarrollo de los ni\u00f1os. \u00bfPor qu\u00e9 hay una mayor prevalencia de epilepsia en ni\u00f1os con autismo? C\u00f3mo se diagnostican y se tratan de manera<br>simult\u00e1nea. Tratamientos y terapias disponibles para ni\u00f1os con Epilepsia y Autismo, entre otros temas importantes.<br>Al finalizar el taller, se contar\u00e1 con un espacio de preguntas y respuestas, un momento de interacci\u00f3n abierta con los disertantes, para aclarar dudas y ofrecer<br>recomendaciones.<br>\u201cLos esperamos a todos\u201d- insistieron desde las \u00e1reas organizadoras que incluyen al Ministerio de Salud, IPRODICH y a la Fundaci\u00f3n FORMARTE.<\/p>\n","protected":false},"excerpt":{"rendered":"<p>Este mi\u00e9rcoles 26 de marzo, en el marco del D\u00eda mundial para la concientizaci\u00f3n de la Epilepsia, el gobierno provincial invita a toda la comunidad al Taller sobre Epilepsia Infantil: \u201cUn d\u00eda para comprender\u201d. *Es gratuito, se realizar\u00e1 de manera presencial y virtual, de 8:30 a 15:30 hs. El Taller se llevar\u00e1 adelante en la [&hellip;]<\/p>\n","protected":false},"author":11,"featured_media":5012,"comment_status":"open","ping_status":"open","sticky":false,"template":"","format":"standard","meta":{"footnotes":""},"categories":[28],"tags":[],"class_list":{"0":"post-5011","1":"post","2":"type-post","3":"status-publish","4":"format-standard","5":"has-post-thumbnail","7":"category-locales"},"aioseo_notices":[],"_links":{"self":[{"href":"https:\/\/lalupa24.com.ar\/index.php\/wp-json\/wp\/v2\/posts\/5011","targetHints":{"allow":["GET"]}}],"collection":[{"href":"https:\/\/lalupa24.com.ar\/index.php\/wp-json\/wp\/v2\/posts"}],"about":[{"href":"https:\/\/lalupa24.com.ar\/index.php\/wp-json\/wp\/v2\/types\/post"}],"author":[{"embeddable":true,"href":"https:\/\/lalupa24.com.ar\/index.php\/wp-json\/wp\/v2\/users\/11"}],"replies":[{"embeddable":true,"href":"https:\/\/lalupa24.com.ar\/index.php\/wp-json\/wp\/v2\/comments?post=5011"}],"version-history":[{"count":1,"href":"https:\/\/lalupa24.com.ar\/index.php\/wp-json\/wp\/v2\/posts\/5011\/revisions"}],"predecessor-version":[{"id":5013,"href":"https:\/\/lalupa24.com.ar\/index.php\/wp-json\/wp\/v2\/posts\/5011\/revisions\/5013"}],"wp:featuredmedia":[{"embeddable":true,"href":"https:\/\/lalupa24.com.ar\/index.php\/wp-json\/wp\/v2\/media\/5012"}],"wp:attachment":[{"href":"https:\/\/lalupa24.com.ar\/index.php\/wp-json\/wp\/v2\/media?parent=5011"}],"wp:term":[{"taxonomy":"category","embeddable":true,"href":"https:\/\/lalupa24.com.ar\/index.php\/wp-json\/wp\/v2\/categories?post=5011"},{"taxonomy":"post_tag","embeddable":true,"href":"https:\/\/lalupa24.com.ar\/index.php\/wp-json\/wp\/v2\/tags?post=5011"}],"curies":[{"name":"wp","href":"https:\/\/api.w.org\/{rel}","templated":true}]}}