{"id":5014,"date":"2025-03-24T13:38:07","date_gmt":"2025-03-24T16:38:07","guid":{"rendered":"https:\/\/lalupa24.com.ar\/?p=5014"},"modified":"2025-03-24T13:38:08","modified_gmt":"2025-03-24T16:38:08","slug":"la-caravana-de-la-campora-marcha-desde-la-ex-esma-a-plaza-de-mayo-con-maximo-kirchner-a-la-cabeza","status":"publish","type":"post","link":"https:\/\/lalupa24.com.ar\/index.php\/2025\/03\/24\/la-caravana-de-la-campora-marcha-desde-la-ex-esma-a-plaza-de-mayo-con-maximo-kirchner-a-la-cabeza\/","title":{"rendered":"La caravana de La C\u00e1mpora marcha desde la ex ESMA a Plaza de Mayo, con M\u00e1ximo Kirchner a la cabeza"},"content":{"rendered":"\n<p>Miles de militantes se movilizan por el D\u00eda Nacional de la Memoria, la Verdad y la Justicia. Junto al presidente del PJ bonaerense marchan Juan Grabois y Emilio P\u00e9rsico, entre otros dirigentes de peso.<\/p>\n\n\n\n<p>La caravana de La C\u00e1mpora marcha desde la ex ESMA a Plaza de Mayo, con M\u00e1ximo Kirchner a la cabeza<\/p>\n\n\n\n<p>Miles de militantes de La C\u00e1mpora, con M\u00e1ximo Kirchner a la cabeza, iniciaron la tradicional marcha por el 24 de marzo desde la ex ESMA con direcci\u00f3n a la Plaza de Mayo, en una multitudinaria caravana.<\/p>\n\n\n\n<p>M\u00e1s temprano, el presidente del Partido Justicialista de la Provincia de Buenos Aires particip\u00f3 en la ex ESMA de la ceremonia de restituci\u00f3n de una imagen del ex mandatario N\u00e9stor Kirchner bajando los cuadros de los jefes de la Junta Militar de la \u00faltima dictadura, la cual hab\u00eda sido retirada por el gobierno nacional.<\/p>\n\n\n\n<p>El PJ bonaerense emiti\u00f3 un comunicado en ocasi\u00f3n del D\u00eda Nacional de la Memoria, la Verdad y la Justicia en el que asegur\u00f3 que \u201clos Derechos Humanos no son de izquierda ni de derecha, son derechos de las personas\u201d.<\/p>\n\n\n\n<p>\u201cNo podemos admitir retrocesos en materia de Derechos Humanos, ya que \u00e9stos no son una abstracci\u00f3n, ni un conjunto de teor\u00edas, sino que constituyen un piso de igualdad desde el cual queremos edificar nuestra comunidad\u201d, concluy\u00f3.<\/p>\n\n\n\n<p>Las columnas de La C\u00e1mpora se acercaban a Plaza de Mayo luego de marchar a lo largo de la Avenida del Libertador, atravesando los barrios de Nu\u00f1ez, Belgrano, Palermo y Recoleta.<\/p>\n\n\n\n<p>Junto a Kirchner marcharon referentes pol\u00edticos de renombre como el l\u00edder del Frente Patria Grande, Juan Grabois, y del Movimiento Evita, Emilio P\u00e9rsico; el senador nacional Eduardo \u201cWado\u201d De Pedro; los diputados nacionales Vanesa Siley y Sergio Palazzo; los intendentes Gustavo Men\u00e9ndez (Merlo), Mariel Fern\u00e1ndez (Moreno) y Federico Achaval (Pilar); y los dirigentes Juan Oterm\u00edn, Luc\u00eda C\u00e1mpora, Leonardo Grosso y Daniela Vilar; entre otros.<\/p>\n","protected":false},"excerpt":{"rendered":"<p>Miles de militantes se movilizan por el D\u00eda Nacional de la Memoria, la Verdad y la Justicia. Junto al presidente del PJ bonaerense marchan Juan Grabois y Emilio P\u00e9rsico, entre otros dirigentes de peso. La caravana de La C\u00e1mpora marcha desde la ex ESMA a Plaza de Mayo, con M\u00e1ximo Kirchner a la cabeza Miles [&hellip;]<\/p>\n","protected":false},"author":11,"featured_media":5015,"comment_status":"open","ping_status":"open","sticky":false,"template":"","format":"standard","meta":{"footnotes":""},"categories":[26],"tags":[],"class_list":{"0":"post-5014","1":"post","2":"type-post","3":"status-publish","4":"format-standard","5":"has-post-thumbnail","7":"category-nacionales"},"aioseo_notices":[],"_links":{"self":[{"href":"https:\/\/lalupa24.com.ar\/index.php\/wp-json\/wp\/v2\/posts\/5014","targetHints":{"allow":["GET"]}}],"collection":[{"href":"https:\/\/lalupa24.com.ar\/index.php\/wp-json\/wp\/v2\/posts"}],"about":[{"href":"https:\/\/lalupa24.com.ar\/index.php\/wp-json\/wp\/v2\/types\/post"}],"author":[{"embeddable":true,"href":"https:\/\/lalupa24.com.ar\/index.php\/wp-json\/wp\/v2\/users\/11"}],"replies":[{"embeddable":true,"href":"https:\/\/lalupa24.com.ar\/index.php\/wp-json\/wp\/v2\/comments?post=5014"}],"version-history":[{"count":1,"href":"https:\/\/lalupa24.com.ar\/index.php\/wp-json\/wp\/v2\/posts\/5014\/revisions"}],"predecessor-version":[{"id":5016,"href":"https:\/\/lalupa24.com.ar\/index.php\/wp-json\/wp\/v2\/posts\/5014\/revisions\/5016"}],"wp:featuredmedia":[{"embeddable":true,"href":"https:\/\/lalupa24.com.ar\/index.php\/wp-json\/wp\/v2\/media\/5015"}],"wp:attachment":[{"href":"https:\/\/lalupa24.com.ar\/index.php\/wp-json\/wp\/v2\/media?parent=5014"}],"wp:term":[{"taxonomy":"category","embeddable":true,"href":"https:\/\/lalupa24.com.ar\/index.php\/wp-json\/wp\/v2\/categories?post=5014"},{"taxonomy":"post_tag","embeddable":true,"href":"https:\/\/lalupa24.com.ar\/index.php\/wp-json\/wp\/v2\/tags?post=5014"}],"curies":[{"name":"wp","href":"https:\/\/api.w.org\/{rel}","templated":true}]}}