{"id":5020,"date":"2025-03-21T13:45:27","date_gmt":"2025-03-21T16:45:27","guid":{"rendered":"https:\/\/lalupa24.com.ar\/?p=5020"},"modified":"2025-03-24T13:46:49","modified_gmt":"2025-03-24T16:46:49","slug":"macri-destaco-el-apoyo-del-pro-a-lla-en-el-congreso-pero-no-confirmo-que-haya-una-alianza-electoral","status":"publish","type":"post","link":"https:\/\/lalupa24.com.ar\/index.php\/2025\/03\/21\/macri-destaco-el-apoyo-del-pro-a-lla-en-el-congreso-pero-no-confirmo-que-haya-una-alianza-electoral\/","title":{"rendered":"Macri destac\u00f3 el apoyo del Pro a LLA en el Congreso, pero no confirm\u00f3 que haya una alianza electoral"},"content":{"rendered":"\n<p>El titular del Pro habl\u00f3 de la reuni\u00f3n en Casa Rosada a la que asistieron Ritondo y Santilli. Mencion\u00f3 el cierre de alianzas en CABA, San Luis y Santa Fe donde el Pro y LLA van por separado.<\/p>\n\n\n\n<p>El expresidente de la Naci\u00f3n, Mauricio Macri, estuvo reunido con la mesa directiva del Pro y a la salida convers\u00f3 con los medios. En primer lugar, destac\u00f3 (con tono de reclamo) que \u201ccolaboramos como nunca nadie lo ha hecho antes con La Libertad Avanza en este a\u00f1o y medio de gesti\u00f3n\u201d; Luego se refiri\u00f3 a una potencial alianza con el mileismo y desliz\u00f3 que \u201cen concreto no ha pasado nada\u201d.<\/p>\n\n\n\n<p>Apurado, el l\u00edder del Pro evit\u00f3 profundizar detalles de la reuni\u00f3n del martes entre el presidente Javier Milei; la secretaria de Presidencia de la Naci\u00f3n, Karina Milei; el referente libertario en la provincia de Buenos Aires, Sebasti\u00e1n Pareja; y los diputados del Pro, Cristian Ritondo y Diego Santilli. \u201cTodav\u00eda estamos en la fase de palabras y fotos\u201d, se\u00f1al\u00f3.<\/p>\n\n\n\n<p>\u201cHe escuchado mucho hablar al presidente de que quiere hacer una uni\u00f3n total con el PRO hacia el futuro para hacer la refundaci\u00f3n de la Argentina, pero de eso, concretamente, no ha pasado nada\u201d, remarc\u00f3 Mauricio Macri ante las reiteradas consultas.<\/p>\n\n\n\n<p>Tras el cierre de alianzas en la Ciudad donde el Pro y los libertarios van por separado, Macri agreg\u00f3: \u201cSiempre sumar es positivo, pero hoy no ha habido absolutamente nada. Lo que hay es que vamos en Santa Fe a competir con ellos, va a pasar lo mismo en San Luis y va a pasar lo mismo en la Capital\u201d, y cerr\u00f3: \u201cHasta ahora ha habido solamente expresiones de deseo\u201d.<\/p>\n","protected":false},"excerpt":{"rendered":"<p>El titular del Pro habl\u00f3 de la reuni\u00f3n en Casa Rosada a la que asistieron Ritondo y Santilli. Mencion\u00f3 el cierre de alianzas en CABA, San Luis y Santa Fe donde el Pro y LLA van por separado. El expresidente de la Naci\u00f3n, Mauricio Macri, estuvo reunido con la mesa directiva del Pro y a [&hellip;]<\/p>\n","protected":false},"author":11,"featured_media":4526,"comment_status":"open","ping_status":"open","sticky":false,"template":"","format":"standard","meta":{"footnotes":""},"categories":[1],"tags":[],"class_list":{"0":"post-5020","1":"post","2":"type-post","3":"status-publish","4":"format-standard","5":"has-post-thumbnail","7":"category-blog"},"aioseo_notices":[],"_links":{"self":[{"href":"https:\/\/lalupa24.com.ar\/index.php\/wp-json\/wp\/v2\/posts\/5020","targetHints":{"allow":["GET"]}}],"collection":[{"href":"https:\/\/lalupa24.com.ar\/index.php\/wp-json\/wp\/v2\/posts"}],"about":[{"href":"https:\/\/lalupa24.com.ar\/index.php\/wp-json\/wp\/v2\/types\/post"}],"author":[{"embeddable":true,"href":"https:\/\/lalupa24.com.ar\/index.php\/wp-json\/wp\/v2\/users\/11"}],"replies":[{"embeddable":true,"href":"https:\/\/lalupa24.com.ar\/index.php\/wp-json\/wp\/v2\/comments?post=5020"}],"version-history":[{"count":1,"href":"https:\/\/lalupa24.com.ar\/index.php\/wp-json\/wp\/v2\/posts\/5020\/revisions"}],"predecessor-version":[{"id":5021,"href":"https:\/\/lalupa24.com.ar\/index.php\/wp-json\/wp\/v2\/posts\/5020\/revisions\/5021"}],"wp:featuredmedia":[{"embeddable":true,"href":"https:\/\/lalupa24.com.ar\/index.php\/wp-json\/wp\/v2\/media\/4526"}],"wp:attachment":[{"href":"https:\/\/lalupa24.com.ar\/index.php\/wp-json\/wp\/v2\/media?parent=5020"}],"wp:term":[{"taxonomy":"category","embeddable":true,"href":"https:\/\/lalupa24.com.ar\/index.php\/wp-json\/wp\/v2\/categories?post=5020"},{"taxonomy":"post_tag","embeddable":true,"href":"https:\/\/lalupa24.com.ar\/index.php\/wp-json\/wp\/v2\/tags?post=5020"}],"curies":[{"name":"wp","href":"https:\/\/api.w.org\/{rel}","templated":true}]}}