{"id":5044,"date":"2025-03-24T23:00:00","date_gmt":"2025-03-25T02:00:00","guid":{"rendered":"https:\/\/lalupa24.com.ar\/?p=5044"},"modified":"2025-03-24T23:56:20","modified_gmt":"2025-03-25T02:56:20","slug":"el-gobierno-celebro-los-cambios-en-la-fachada-del-palacio-libertad-ex-centro-cultural-kirchner","status":"publish","type":"post","link":"https:\/\/lalupa24.com.ar\/index.php\/2025\/03\/24\/el-gobierno-celebro-los-cambios-en-la-fachada-del-palacio-libertad-ex-centro-cultural-kirchner\/","title":{"rendered":"El Gobierno celebr\u00f3 los cambios en la fachada del Palacio Libertad, ex Centro Cultural Kirchner"},"content":{"rendered":"\n<p>En medio de la masiva movilizaci\u00f3n por el D\u00eda de la Memoria, por la Verdad y la Justicia, el Gobierno anunci\u00f3 la conclusi\u00f3n de los cambios en la fachada del renombrado Palacio Libertad, ex Centro Cultural Kirchner.<\/p>\n\n\n\n<p>\u201cFinalmente hoy se han concluido las modificaciones pendientes en la fachada del Palacio Libertad\u201d, escribi\u00f3 el vocero presidencial, Manuel Adorni, junto a im\u00e1genes.<\/p>\n\n\n\n<p>En concreto, y seg\u00fan se observa en las fotos, el Gobierno le sac\u00f3 el &#8220;Centro Cultural Kirchner&#8221; al Palacio Libertad, y ahora en el frente le qued\u00f3 &#8220;Secretaria de Comunicaciones&#8221;.<\/p>\n\n\n\n<p>X de Manuel Adorni<\/p>\n\n\n\n<p>La comunicaci\u00f3n del Gobierno surge en simult\u00e1neo con lo que fue una numerosa movilizaci\u00f3n en Plaza de Mayo y diferentes partes del pa\u00eds por el D\u00eda de la Memoria, que hab\u00eda iniciado con un duro mensaje oficial llamando a la \u201cmemoria completa\u201d.<\/p>\n\n\n\n<p><\/p>\n","protected":false},"excerpt":{"rendered":"<p>En medio de la masiva movilizaci\u00f3n por el D\u00eda de la Memoria, por la Verdad y la Justicia, el Gobierno anunci\u00f3 la conclusi\u00f3n de los cambios en la fachada del renombrado Palacio Libertad, ex Centro Cultural Kirchner. \u201cFinalmente hoy se han concluido las modificaciones pendientes en la fachada del Palacio Libertad\u201d, escribi\u00f3 el vocero presidencial, [&hellip;]<\/p>\n","protected":false},"author":11,"featured_media":5045,"comment_status":"open","ping_status":"open","sticky":false,"template":"","format":"standard","meta":{"footnotes":""},"categories":[26],"tags":[],"class_list":{"0":"post-5044","1":"post","2":"type-post","3":"status-publish","4":"format-standard","5":"has-post-thumbnail","7":"category-nacionales"},"aioseo_notices":[],"_links":{"self":[{"href":"https:\/\/lalupa24.com.ar\/index.php\/wp-json\/wp\/v2\/posts\/5044","targetHints":{"allow":["GET"]}}],"collection":[{"href":"https:\/\/lalupa24.com.ar\/index.php\/wp-json\/wp\/v2\/posts"}],"about":[{"href":"https:\/\/lalupa24.com.ar\/index.php\/wp-json\/wp\/v2\/types\/post"}],"author":[{"embeddable":true,"href":"https:\/\/lalupa24.com.ar\/index.php\/wp-json\/wp\/v2\/users\/11"}],"replies":[{"embeddable":true,"href":"https:\/\/lalupa24.com.ar\/index.php\/wp-json\/wp\/v2\/comments?post=5044"}],"version-history":[{"count":1,"href":"https:\/\/lalupa24.com.ar\/index.php\/wp-json\/wp\/v2\/posts\/5044\/revisions"}],"predecessor-version":[{"id":5046,"href":"https:\/\/lalupa24.com.ar\/index.php\/wp-json\/wp\/v2\/posts\/5044\/revisions\/5046"}],"wp:featuredmedia":[{"embeddable":true,"href":"https:\/\/lalupa24.com.ar\/index.php\/wp-json\/wp\/v2\/media\/5045"}],"wp:attachment":[{"href":"https:\/\/lalupa24.com.ar\/index.php\/wp-json\/wp\/v2\/media?parent=5044"}],"wp:term":[{"taxonomy":"category","embeddable":true,"href":"https:\/\/lalupa24.com.ar\/index.php\/wp-json\/wp\/v2\/categories?post=5044"},{"taxonomy":"post_tag","embeddable":true,"href":"https:\/\/lalupa24.com.ar\/index.php\/wp-json\/wp\/v2\/tags?post=5044"}],"curies":[{"name":"wp","href":"https:\/\/api.w.org\/{rel}","templated":true}]}}