{"id":5047,"date":"2025-03-24T21:59:00","date_gmt":"2025-03-25T00:59:00","guid":{"rendered":"https:\/\/lalupa24.com.ar\/?p=5047"},"modified":"2025-03-25T00:01:02","modified_gmt":"2025-03-25T03:01:02","slug":"victoria-villarruel-en-estas-largas-decadas-la-memoria-ideologizada-reemplazo-a-la-historia","status":"publish","type":"post","link":"https:\/\/lalupa24.com.ar\/index.php\/2025\/03\/24\/victoria-villarruel-en-estas-largas-decadas-la-memoria-ideologizada-reemplazo-a-la-historia\/","title":{"rendered":"Victoria Villarruel: &#8220;En estas largas d\u00e9cadas la memoria ideologizada reemplaz\u00f3 a la historia&#8221;"},"content":{"rendered":"\n<p>La vicepresidenta sostuvo que &#8220;la interrupci\u00f3n del orden constitucional fogoneada por organizaciones armadas como Montoneros y el ERP&#8221;.<\/p>\n\n\n\n<p>&nbsp;La vicepresidenta Victoria Villarruel consider\u00f3 que &#8220;en estas largas d\u00e9cadas la memoria ideologizada reemplaz\u00f3 a la historia, convirti\u00f3 a los uniformados en los \u00fanicos responsables y a quienes integraron las organizaciones armadas terroristas en v\u00edctimas&#8221;, en el 49\u00b0 aniversario del golpe de Estado de 1976.&nbsp;&nbsp;<\/p>\n\n\n\n<p>En un extenso posteo en sus redes sociales, la vicepresidenta .sostuvo que &#8220;hoy recordamos una fecha que marca una \u00e9poca tr\u00e1gica para todos los argentinos&#8221;, en referencia &#8220;la interrupci\u00f3n del orden constitucional fogoneada por organizaciones armadas como Montoneros y el ERP (SIC), quienes agredieron con sa\u00f1a al gobierno democr\u00e1tico elegido por los argentinos&#8221;.&nbsp;&nbsp;<\/p>\n\n\n\n<p>&#8220;Los terroristas amnistiados en 1973 continuaron desafiando a la Naci\u00f3n Argentina, atacando unidades militares, asesinando civiles, poniendo bombas y pretendiendo partir nuestro pa\u00eds al focalizar el conflicto en Tucum\u00e1n&#8221;, consign\u00f3.&nbsp;&nbsp;<\/p>\n\n\n\n<p>Para Villarruel, &#8220;la decisi\u00f3n de una Presidente constitucional y sus Fuerzas Armadas impidieron que se completara el asesinato del mill\u00f3n de personas prometido por el terrorismo marxista con el objetivo de instalar una dictadura interminable como la cubana&#8221;.&nbsp;<\/p>\n\n\n\n<p>&nbsp;&#8220;El 24 de marzo de 1976 comenz\u00f3 un gobierno de facto que se extendi\u00f3 hasta 1983, todo esto hace casi 50 a\u00f1os. Absolutamente todo lo sucedido en ese per\u00edodo fue juzgado y castigado con una visi\u00f3n sesgada de la realidad de los hechos&#8221;, a\u00f1adi\u00f3.&nbsp;&nbsp;<\/p>\n\n\n\n<p>X de Victoria Villarruel<\/p>\n\n\n\n<p>La vicepresidenta indic\u00f3 que &#8220;en estas largas d\u00e9cadas la memoria ideologizada reemplaz\u00f3 a la historia, convirti\u00f3 a los uniformados en los \u00fanicos responsables y a quienes integraron las organizaciones armadas terroristas en v\u00edctimas&#8221;.&nbsp;&nbsp;<\/p>\n\n\n\n<p>&#8220;Y as\u00ed el dolor se convirti\u00f3 en un relato manoseado por aquellos que reivindican a quienes pusieron bombas, secuestraron y ensangrentaron el pa\u00eds con una revoluci\u00f3n que ning\u00fan argentino quer\u00eda&#8221;, dijo y a\u00f1adi\u00f3: &#8220;Sus 17.380 v\u00edctimas fueron ocultadas, desaparecidas de la historia en beneficio de un grupo de violentos que origin\u00f3 el dolor que nunca termina de cerrarse&#8221;.&nbsp;&nbsp;<\/p>\n\n\n\n<p>Tras se\u00f1alar que &#8220;casi 50 a\u00f1os despu\u00e9s seguimos en una sociedad partida, llena de antagonismos como en los 70&#8221;, Villarruel dijo que dirig\u00eda sus pensamientos hacia &#8220;las v\u00edctimas del terrorismo que siguen esperando que el Estado las incluya y repare&#8221;.<\/p>\n\n\n\n<p><\/p>\n","protected":false},"excerpt":{"rendered":"<p>La vicepresidenta sostuvo que &#8220;la interrupci\u00f3n del orden constitucional fogoneada por organizaciones armadas como Montoneros y el ERP&#8221;. &nbsp;La vicepresidenta Victoria Villarruel consider\u00f3 que &#8220;en estas largas d\u00e9cadas la memoria ideologizada reemplaz\u00f3 a la historia, convirti\u00f3 a los uniformados en los \u00fanicos responsables y a quienes integraron las organizaciones armadas terroristas en v\u00edctimas&#8221;, en el [&hellip;]<\/p>\n","protected":false},"author":11,"featured_media":5048,"comment_status":"open","ping_status":"open","sticky":false,"template":"","format":"standard","meta":{"footnotes":""},"categories":[26],"tags":[],"class_list":{"0":"post-5047","1":"post","2":"type-post","3":"status-publish","4":"format-standard","5":"has-post-thumbnail","7":"category-nacionales"},"aioseo_notices":[],"_links":{"self":[{"href":"https:\/\/lalupa24.com.ar\/index.php\/wp-json\/wp\/v2\/posts\/5047","targetHints":{"allow":["GET"]}}],"collection":[{"href":"https:\/\/lalupa24.com.ar\/index.php\/wp-json\/wp\/v2\/posts"}],"about":[{"href":"https:\/\/lalupa24.com.ar\/index.php\/wp-json\/wp\/v2\/types\/post"}],"author":[{"embeddable":true,"href":"https:\/\/lalupa24.com.ar\/index.php\/wp-json\/wp\/v2\/users\/11"}],"replies":[{"embeddable":true,"href":"https:\/\/lalupa24.com.ar\/index.php\/wp-json\/wp\/v2\/comments?post=5047"}],"version-history":[{"count":1,"href":"https:\/\/lalupa24.com.ar\/index.php\/wp-json\/wp\/v2\/posts\/5047\/revisions"}],"predecessor-version":[{"id":5049,"href":"https:\/\/lalupa24.com.ar\/index.php\/wp-json\/wp\/v2\/posts\/5047\/revisions\/5049"}],"wp:featuredmedia":[{"embeddable":true,"href":"https:\/\/lalupa24.com.ar\/index.php\/wp-json\/wp\/v2\/media\/5048"}],"wp:attachment":[{"href":"https:\/\/lalupa24.com.ar\/index.php\/wp-json\/wp\/v2\/media?parent=5047"}],"wp:term":[{"taxonomy":"category","embeddable":true,"href":"https:\/\/lalupa24.com.ar\/index.php\/wp-json\/wp\/v2\/categories?post=5047"},{"taxonomy":"post_tag","embeddable":true,"href":"https:\/\/lalupa24.com.ar\/index.php\/wp-json\/wp\/v2\/tags?post=5047"}],"curies":[{"name":"wp","href":"https:\/\/api.w.org\/{rel}","templated":true}]}}