{"id":5069,"date":"2025-03-22T08:31:18","date_gmt":"2025-03-22T11:31:18","guid":{"rendered":"https:\/\/lalupa24.com.ar\/?p=5069"},"modified":"2025-03-25T08:43:49","modified_gmt":"2025-03-25T11:43:49","slug":"chaco-puede-la-libertad-avanza-dio-a-conocer-su-lista","status":"publish","type":"post","link":"https:\/\/lalupa24.com.ar\/index.php\/2025\/03\/22\/chaco-puede-la-libertad-avanza-dio-a-conocer-su-lista\/","title":{"rendered":"\u201cchaco puede + La Libertad Avanza\u201d dio a conocer su lista"},"content":{"rendered":"\n<p><\/p>\n\n\n\n<p><em>El gobernador Leandro Zdero dio a conocer, este s\u00e1bado, los nombres de candidatos pertenecientes a la Lista \u201cChaco Puede + La Libertad Avanza\u201d que competir\u00e1 en las pr\u00f3ximas elecciones legislativas del 11 de mayo y estar\u00e1 encabezada por el Dr. Julio Ferro, abogado de 40 a\u00f1os, seguido por Susana Maggio, actual intendente de Santa Sylvina.<\/em><\/p>\n\n\n\n<p>\u201cNuestra lista es un llamado claro y decidido a terminar con a\u00f1os de atraso y corrupci\u00f3n que nos dej\u00f3 Capitanich. Destruy\u00f3 el presente y el futuro del Chaco, a trav\u00e9s del clientelismo, las mentiras y m\u00e1s pobreza, pero se acab\u00f3; no hay m\u00e1s lugar para c\u00f3mplices del pasado. Vinimos a cambiar lo que nos dec\u00edan \u201cque no se pod\u00eda\u201d, ahora se puede y lo estamos haciendo\u201d- se\u00f1al\u00f3 el primer mandatario provincial.<\/p>\n\n\n\n<p><em>Los candidatos a diputados provinciales son:<\/em><\/p>\n\n\n\n<p>1.Julio Ferro<br>2.Susana Maggio<br>3.Adri\u00e1n Zukiewicz<br>4.Carina Botteri<br>5.Jorge \u201cPato\u201d G\u00f3mez<br>6.Mayra \u201cPili\u201d Jarenko<br>7.Joaqu\u00edn Garc\u00eda<br>8.Marilin Rodriguez<br>9.Edgardo \u201cTati\u201d Reguera<br>10.Tamara Silvestri<br>11.Juan Chaussivert<br>12.M\u00f3nica Morales<br>13.Marcos Pastori<br>14.Silvana P\u00e9rez<br>15.Marcelo Barrios<br>16.Elisa Aselle<\/p>\n\n\n\n<p><em>CONOC\u00c9 UN POCO M\u00c1S A LOS CANDIDATOS DE LA LISTA DE \u201cCHACO PUEDE\u201d<\/em><\/p>\n\n\n\n<p><em>Julio Ferro,<\/em> Abogado, 40 a\u00f1os. Especialista en Derecho de Da\u00f1os (UBA). Especialista en Derecho Administrativo (UNNE). Magister en Derecho Administrativo (Universidad Austral). Diplomado en R\u00e9gimen Jur\u00eddico del Automotor (UCES). Diplomado en Derecho y Gesti\u00f3n Municipal (Universidad de Mendoza). Actualmente subsecretario de Legal y T\u00e9cnica.<\/p>\n\n\n\n<p><em>Susana Maggio,<\/em> 56 a\u00f1os Profesora en Biolog\u00eda, Intendente de Santa Sylvina.<\/p>\n\n\n\n<p><em>Adrian Favio Zukiewicz<\/em> (Junior) 28 a\u00f1os oriundo de Juan J. Castelli. Es Licenciado en Administraci\u00f3n de Empresas.<\/p>\n\n\n\n<p><em>Carina Botteri,<\/em> 39 a\u00f1os, Abogada, Maestranza en Gesti\u00f3n P\u00fablica, ex ministra de Desarrollo Humano y actualmente Vocal del Cefca.<\/p>\n\n\n\n<p><em>Jorge \u201cPato\u201d G\u00f3mez,<\/em> Abogado desde 1992, fiscal de investigaci\u00f3n y Fiscal de C\u00e1mara, integrante del tribunal electoral, especialista en Derecho Penal, 1er fiscal en Juicio por Jurado de la provincia.<br>Actualmente, Ministro de Gobierno.<\/p>\n\n\n\n<p><em>Mayra \u201cPili\u201d Jarenko,<\/em> 37 a\u00f1os, Profesora de Historia, T\u00e9cnica superior en Turismo sobre Espacios Rurales, de Colonia Elisa.<\/p>\n\n\n\n<p><em>Joaqu\u00edn Garc\u00eda,<\/em> 30 A\u00f1os, Farmac\u00e9utico. Concejal mandato cumplido. Villa \u00c1ngela, Actual Pte JR Chaco y Laboratorios Chaque\u00f1os SA.<\/p>\n\n\n\n<p><em>Marilin Rodr\u00edguez,<\/em> 51 a\u00f1os Maestra Jardinera Rural y actualmente, concejal de la ciudad de Presidencia de Roque S\u00e1enz Pe\u00f1a.<\/p>\n\n\n\n<p><em>Edgardo \u201cTati\u201d Reguera,<\/em> 45 a\u00f1os, abogado, ex presidente del Colegio de abogados de S\u00e1enz Pe\u00f1a, ex presidente del Consejo de la Magistratura del Chaco y presidente del aut\u00f3dromo de S\u00e1enz Pe\u00f1a.<\/p>\n\n\n\n<p><em>Tamara Silvestri,<\/em> 35 a\u00f1os, Abogada y Escribana; actualmente subsecretaria de Acci\u00f3n Comunitaria &#8211; Ministerio de Seguridad. Ex presidente de la Juventud.<\/p>\n\n\n\n<p><em>Juan Felipe Chaussivert,<\/em> 52 a\u00f1os. Abogado. M\u00e1ster de Derecho P\u00fablico Provincial y Municipal. Vicepresidente de Loter\u00eda Chaque\u00f1a.<\/p>\n\n\n\n<p><em>M\u00f3nica Morales<\/em>, 47 a\u00f1os Abogada y Analista en Marketing y Comunicaci\u00f3n,16 a\u00f1os trabajando por los derechos de las Personas con Discapacidad.<\/p>\n\n\n\n<p><em>Marcos Pastori<\/em><br>45 a\u00f1os, M\u00e9dico Veterinario, presidente de la Sociedad Rural del Chaco; Productor agropecuario y Vocal en la mesa Ejecutiva de CRA (Confederaciones Rurales Argentina).<\/p>\n\n\n\n<p><em>Silvana P\u00e9rez,<\/em> 46 a\u00f1os, Docente del impenetrable Chaque\u00f1o.<\/p>\n\n\n\n<p><em>Marcelo Barrios<\/em>, 45 a\u00f1os, Coach Ontol\u00f3gico Profesional. Actualmente Subsecretario de Municipios de la Provincia del Chaco<\/p>\n\n\n\n<p><em>Elisa Fern\u00e1ndez Aselle,<\/em> 43 a\u00f1os Abogada- Escribana- Esp. En Protecci\u00f3n de Derechos de ni\u00f1os, ni\u00f1as y adolescentes. Pte. Del Consejo de Abogados.<\/p>\n\n\n\n<p><em>CHACO MERECE CRECER, NO RETROCEDER<\/em><\/p>\n\n\n\n<p>Por \u00faltimo, el gobernador Zdero remarc\u00f3: <em>\u201dEsta lista no es m\u00e1s de lo mismo. Es renovaci\u00f3n, es compromiso, es territorio y tambi\u00e9n trae la fuerza de la juventud.<\/em> Est\u00e1 formada por personas con experiencia, pero sobre todo con la convicci\u00f3n de que Chaco merece crecer y no retroceder. Elegimos el camino del orden, es un cambio posible y lo estamos logrando hace m\u00e1s de 1 a\u00f1o en toda la provincia\u201d.<\/p>\n","protected":false},"excerpt":{"rendered":"<p>El gobernador Leandro Zdero dio a conocer, este s\u00e1bado, los nombres de candidatos pertenecientes a la Lista \u201cChaco Puede + La Libertad Avanza\u201d que competir\u00e1 en las pr\u00f3ximas elecciones legislativas del 11 de mayo y estar\u00e1 encabezada por el Dr. Julio Ferro, abogado de 40 a\u00f1os, seguido por Susana Maggio, actual intendente de Santa Sylvina. [&hellip;]<\/p>\n","protected":false},"author":2,"featured_media":5070,"comment_status":"open","ping_status":"open","sticky":false,"template":"","format":"standard","meta":{"footnotes":""},"categories":[27],"tags":[],"class_list":{"0":"post-5069","1":"post","2":"type-post","3":"status-publish","4":"format-standard","5":"has-post-thumbnail","7":"category-interior"},"aioseo_notices":[],"_links":{"self":[{"href":"https:\/\/lalupa24.com.ar\/index.php\/wp-json\/wp\/v2\/posts\/5069","targetHints":{"allow":["GET"]}}],"collection":[{"href":"https:\/\/lalupa24.com.ar\/index.php\/wp-json\/wp\/v2\/posts"}],"about":[{"href":"https:\/\/lalupa24.com.ar\/index.php\/wp-json\/wp\/v2\/types\/post"}],"author":[{"embeddable":true,"href":"https:\/\/lalupa24.com.ar\/index.php\/wp-json\/wp\/v2\/users\/2"}],"replies":[{"embeddable":true,"href":"https:\/\/lalupa24.com.ar\/index.php\/wp-json\/wp\/v2\/comments?post=5069"}],"version-history":[{"count":1,"href":"https:\/\/lalupa24.com.ar\/index.php\/wp-json\/wp\/v2\/posts\/5069\/revisions"}],"predecessor-version":[{"id":5071,"href":"https:\/\/lalupa24.com.ar\/index.php\/wp-json\/wp\/v2\/posts\/5069\/revisions\/5071"}],"wp:featuredmedia":[{"embeddable":true,"href":"https:\/\/lalupa24.com.ar\/index.php\/wp-json\/wp\/v2\/media\/5070"}],"wp:attachment":[{"href":"https:\/\/lalupa24.com.ar\/index.php\/wp-json\/wp\/v2\/media?parent=5069"}],"wp:term":[{"taxonomy":"category","embeddable":true,"href":"https:\/\/lalupa24.com.ar\/index.php\/wp-json\/wp\/v2\/categories?post=5069"},{"taxonomy":"post_tag","embeddable":true,"href":"https:\/\/lalupa24.com.ar\/index.php\/wp-json\/wp\/v2\/tags?post=5069"}],"curies":[{"name":"wp","href":"https:\/\/api.w.org\/{rel}","templated":true}]}}