{"id":5081,"date":"2025-03-25T10:44:10","date_gmt":"2025-03-25T13:44:10","guid":{"rendered":"https:\/\/lalupa24.com.ar\/?p=5081"},"modified":"2025-03-25T10:44:11","modified_gmt":"2025-03-25T13:44:11","slug":"el-iccti-a-la-comunidad-a-la-segunda-cumbre-chaquena-de-ciencia-tecnologia-e-innovacion","status":"publish","type":"post","link":"https:\/\/lalupa24.com.ar\/index.php\/2025\/03\/25\/el-iccti-a-la-comunidad-a-la-segunda-cumbre-chaquena-de-ciencia-tecnologia-e-innovacion\/","title":{"rendered":"El ICCTI a la comunidad a la segunda cumbre Chaque\u00f1a de ciencia, tecnolog\u00eda e innovaci\u00f3n"},"content":{"rendered":"\n<p><\/p>\n\n\n\n<p>El evento se realizar\u00e1 el 10 de abril en el marco de la conmemoraci\u00f3n del D\u00eda<br>Mundial de la Ciencia y la Tecnolog\u00eda. Se trata de la segunda edici\u00f3n de la Cumbre Chaque\u00f1a de Ciencia, Tecnolog\u00eda e Innovaci\u00f3n, que busca fomentar la vinculaci\u00f3n<br>entre el sistema cient\u00edfico-tecnol\u00f3gico, sectores de la actividad econ\u00f3mica y<br>organismos estatales. Participar\u00e1n destacados expositores del mundo acad\u00e9mico, empresarial y gubernamental, provenientes tanto del Chaco como de otras<br>provincias.<br>&#8220;La cumbre es una nueva oportunidad de poner en di\u00e1logo la producci\u00f3n de la<br>actividad cient\u00edfica, el desarrollo tecnol\u00f3gico y la innovaci\u00f3n de la provincia con los<br>sectores productivos, industriales, el emprendedurismo y el Estado&#8221;, destac\u00f3 Delfina<br>Veirav\u00e9, presidenta del Instituto Chaque\u00f1o de Ciencia, Tecnolog\u00eda e Innovaci\u00f3n<br>(ICCTI). Adem\u00e1s, explic\u00f3: &#8220;un evento de estas caracter\u00edsticas es necesario para que<br>el conocimiento pueda tener un mayor impacto en el desarrollo econ\u00f3mico y social<br>del Chaco&#8221;. El evento es con entrada libre y gratuita, pero para participar hay que inscribirse<br>previamente en la p\u00e1gina web https:\/\/iccti.chaco.gob.ar\/cumbre2025<br>La Segunda Cumbre Chaque\u00f1a de Ciencia, Tecnolog\u00eda e Innovaci\u00f3n llega tras el<br>\u00e9xito de su primera edici\u00f3n en 2024, que reuni\u00f3 a m\u00e1s de 500 asistentes y cont\u00f3<br>con la participaci\u00f3n de 50 expositores de todo el pa\u00eds. Durante el evento, se hicieron<br>presentes representantes de seis provincias y se destacaron diez stands<br>pertenecientes a los sectores gubernamental, acad\u00e9mico y privado. Con este<br>antecedente, la nueva edici\u00f3n busca consolidarse como un espacio clave para el<br>impulso del ecosistema cient\u00edfico-tecnol\u00f3gico en la regi\u00f3n.<br>&#8220;El gobernador, Leandro Zdero, nos convoc\u00f3 para poder potenciar la capacidad<br>emprendedora de la provincia, aport\u00e1ndole conocimiento y valor a las actividades<br>productivas&#8221;, remarc\u00f3 Veirav\u00e9. La cumbre contar\u00e1 con la participaci\u00f3n de<br>destacados expositores del sector acad\u00e9mico, empresarial y gubernamental,<br>provenientes tanto del Chaco como de otras provincias argentinas. Est\u00e1 destinada<br>principalmente a investigadores, cient\u00edficos, tecn\u00f3logos, becarios, estudiantes<br>avanzados, empresarios, emprendedores y personas que trabajan en el sector<br>gubernamental de la provincia.<br>&#8220;La idea de este evento es conmemorar el D\u00eda Mundial de la Ciencia y la Tecnolog\u00eda y mostrar los avances que se dan en nuestra provincia&#8221;, indic\u00f3 Alejandro Gorodner,<br>vicepresidente del ICCTI. &#8220;Queremos fomentar la vinculaci\u00f3n entre el trabajo<br>cient\u00edfico-tecnol\u00f3gico, las empresas y organismos estatales, en pos de incorporar tecnolog\u00eda de punta que permita mejorar la productividad, crear empleo y mejorar<br>las condiciones de vida de los chaque\u00f1os&#8221;, a\u00f1adi\u00f3. Adem\u00e1s, remarc\u00f3 que durante el evento se abordar\u00e1n tem\u00e1ticas vinculadas a los vectores de trabajo del ICCTI que<br>son Agroindustria, Ambiente y Salud y Econom\u00eda del Conocimiento.<br>&#8220;Vamos a contar con prestigiosos disertantes y panelistas de diferentes puntos del<br>pa\u00eds y tambi\u00e9n con invitados locales&#8221;, precis\u00f3 Gorodner. El evento iniciar\u00e1 a las 8:00<br>y se extender\u00e1 hasta las 18:00, contando con diferentes modalidades, entre las que se destacan conferencias, charlas, conversatorios y exposiciones. Tambi\u00e9n<br>participar\u00e1n referentes de UNNE, UTN Resistencia, UNCAUS, CONICET, INTA e INTI.<br>Algunos de los temas que se abordar\u00e1n durante la jornada son: salud animal,<br>humana y ambiental; consumos problem\u00e1ticos, incidentes con motoveh\u00edculos y su<br>impacto en salud p\u00fablica, cannabis, micropl\u00e1sticos, la utilizaci\u00f3n de drones para elcontrol de plagas en los cultivos, energ\u00edas renovables, negocios del futuro y oportunidades en la econom\u00eda del conocimiento, entre otros.<br>Como cierre del evento, el Ing. Federico Filip, experto en creatividad organizacional<br>y liderazgo disruptivo, ofrecer\u00e1 una disertaci\u00f3n sobre Innovaci\u00f3n colaborativa:<br>uniendo ciencia, empresas y gobierno.<\/p>\n\n\n\n<p>M\u00e1s informaci\u00f3n<br>Para conocer las \u00faltimas novedades de la Cumbre Chaque\u00f1a de Ciencia,<br>Tecnolog\u00eda e Innovaci\u00f3n, se invita a la comunidad a seguir las redes sociales del<br>ICCTI (@icctichaco en Facebook e Instagram).<\/p>\n\n\n\n<p><em>Contacto para entrevistas: Delfina Veirav\u00e9, presidenta del ICCTI<\/em><br><em>3794409514<\/em><br><em>Alejandro Gorodner,<\/em> <em>vicepresidente del ICCTI 3624567200<\/em><\/p>\n","protected":false},"excerpt":{"rendered":"<p>El evento se realizar\u00e1 el 10 de abril en el marco de la conmemoraci\u00f3n del D\u00edaMundial de la Ciencia y la Tecnolog\u00eda. Se trata de la segunda edici\u00f3n de la Cumbre Chaque\u00f1a de Ciencia, Tecnolog\u00eda e Innovaci\u00f3n, que busca fomentar la vinculaci\u00f3nentre el sistema cient\u00edfico-tecnol\u00f3gico, sectores de la actividad econ\u00f3mica yorganismos estatales. Participar\u00e1n destacados expositores [&hellip;]<\/p>\n","protected":false},"author":2,"featured_media":5082,"comment_status":"open","ping_status":"open","sticky":false,"template":"","format":"standard","meta":{"footnotes":""},"categories":[28],"tags":[],"class_list":{"0":"post-5081","1":"post","2":"type-post","3":"status-publish","4":"format-standard","5":"has-post-thumbnail","7":"category-locales"},"aioseo_notices":[],"_links":{"self":[{"href":"https:\/\/lalupa24.com.ar\/index.php\/wp-json\/wp\/v2\/posts\/5081","targetHints":{"allow":["GET"]}}],"collection":[{"href":"https:\/\/lalupa24.com.ar\/index.php\/wp-json\/wp\/v2\/posts"}],"about":[{"href":"https:\/\/lalupa24.com.ar\/index.php\/wp-json\/wp\/v2\/types\/post"}],"author":[{"embeddable":true,"href":"https:\/\/lalupa24.com.ar\/index.php\/wp-json\/wp\/v2\/users\/2"}],"replies":[{"embeddable":true,"href":"https:\/\/lalupa24.com.ar\/index.php\/wp-json\/wp\/v2\/comments?post=5081"}],"version-history":[{"count":1,"href":"https:\/\/lalupa24.com.ar\/index.php\/wp-json\/wp\/v2\/posts\/5081\/revisions"}],"predecessor-version":[{"id":5083,"href":"https:\/\/lalupa24.com.ar\/index.php\/wp-json\/wp\/v2\/posts\/5081\/revisions\/5083"}],"wp:featuredmedia":[{"embeddable":true,"href":"https:\/\/lalupa24.com.ar\/index.php\/wp-json\/wp\/v2\/media\/5082"}],"wp:attachment":[{"href":"https:\/\/lalupa24.com.ar\/index.php\/wp-json\/wp\/v2\/media?parent=5081"}],"wp:term":[{"taxonomy":"category","embeddable":true,"href":"https:\/\/lalupa24.com.ar\/index.php\/wp-json\/wp\/v2\/categories?post=5081"},{"taxonomy":"post_tag","embeddable":true,"href":"https:\/\/lalupa24.com.ar\/index.php\/wp-json\/wp\/v2\/tags?post=5081"}],"curies":[{"name":"wp","href":"https:\/\/api.w.org\/{rel}","templated":true}]}}