{"id":5094,"date":"2025-03-25T11:57:54","date_gmt":"2025-03-25T14:57:54","guid":{"rendered":"https:\/\/lalupa24.com.ar\/?p=5094"},"modified":"2025-03-25T11:57:55","modified_gmt":"2025-03-25T14:57:55","slug":"tesla-se-hunde-en-el-inicio-de-2025-en-europa-sus-ventas-caen-un-49-mientras-el-mercado-del-electrico-sube-un-28","status":"publish","type":"post","link":"https:\/\/lalupa24.com.ar\/index.php\/2025\/03\/25\/tesla-se-hunde-en-el-inicio-de-2025-en-europa-sus-ventas-caen-un-49-mientras-el-mercado-del-electrico-sube-un-28\/","title":{"rendered":"Tesla se hunde en el inicio de 2025 en Europa: sus ventas caen un 49% mientras el mercado del el\u00e9ctrico sube un 28%"},"content":{"rendered":"\n<p>Tesla ha experimentado una ca\u00edda significativa en sus ventas en Europa, con una baja del 49% en enero y febrero de 2025, vendiendo solo 19.046 unidades. Esta ca\u00edda contrasta con el crecimiento general del mercado de veh\u00edculos el\u00e9ctricos, que aument\u00f3 un 28,4% en Europa. Factores como la creciente competencia de fabricantes chinos como BYD, que aumentaron sus entregas un 563,5%, y el grupo Renault, que ha tenido un buen desempe\u00f1o, explican parte del retroceso de Tesla.<\/p>\n\n\n\n<p>Adem\u00e1s, la polarizaci\u00f3n de Elon Musk debido a sus apoyos pol\u00edticos y su v\u00ednculo con el gobierno de Donald Trump podr\u00eda estar influyendo negativamente en la marca. Sin embargo, algunos clientes podr\u00edan estar esperando el lanzamiento del nuevo Model Y, previsto para el segundo trimestre de este a\u00f1o, lo que podr\u00eda mejorar las ventas.<\/p>\n\n\n\n<p>A pesar de la ca\u00edda de Tesla, el mercado de veh\u00edculos el\u00e9ctricos sigue mostrando signos positivos en Europa. Alemania, el mayor mercado de coches el\u00e9ctricos, ha visto un aumento del 41% en sus ventas. En Espa\u00f1a, las matriculaciones de veh\u00edculos el\u00e9ctricos crecieron un 54,9%, aunque los pedidos se han desacelerado un 50% debido a la ca\u00edda de las ayudas a la compra.<\/p>\n","protected":false},"excerpt":{"rendered":"<p>Tesla ha experimentado una ca\u00edda significativa en sus ventas en Europa, con una baja del 49% en enero y febrero de 2025, vendiendo solo 19.046 unidades. Esta ca\u00edda contrasta con el crecimiento general del mercado de veh\u00edculos el\u00e9ctricos, que aument\u00f3 un 28,4% en Europa. Factores como la creciente competencia de fabricantes chinos como BYD, que [&hellip;]<\/p>\n","protected":false},"author":2,"featured_media":5095,"comment_status":"open","ping_status":"open","sticky":false,"template":"","format":"standard","meta":{"footnotes":""},"categories":[25],"tags":[],"class_list":{"0":"post-5094","1":"post","2":"type-post","3":"status-publish","4":"format-standard","5":"has-post-thumbnail","7":"category-internacionales"},"aioseo_notices":[],"_links":{"self":[{"href":"https:\/\/lalupa24.com.ar\/index.php\/wp-json\/wp\/v2\/posts\/5094","targetHints":{"allow":["GET"]}}],"collection":[{"href":"https:\/\/lalupa24.com.ar\/index.php\/wp-json\/wp\/v2\/posts"}],"about":[{"href":"https:\/\/lalupa24.com.ar\/index.php\/wp-json\/wp\/v2\/types\/post"}],"author":[{"embeddable":true,"href":"https:\/\/lalupa24.com.ar\/index.php\/wp-json\/wp\/v2\/users\/2"}],"replies":[{"embeddable":true,"href":"https:\/\/lalupa24.com.ar\/index.php\/wp-json\/wp\/v2\/comments?post=5094"}],"version-history":[{"count":1,"href":"https:\/\/lalupa24.com.ar\/index.php\/wp-json\/wp\/v2\/posts\/5094\/revisions"}],"predecessor-version":[{"id":5096,"href":"https:\/\/lalupa24.com.ar\/index.php\/wp-json\/wp\/v2\/posts\/5094\/revisions\/5096"}],"wp:featuredmedia":[{"embeddable":true,"href":"https:\/\/lalupa24.com.ar\/index.php\/wp-json\/wp\/v2\/media\/5095"}],"wp:attachment":[{"href":"https:\/\/lalupa24.com.ar\/index.php\/wp-json\/wp\/v2\/media?parent=5094"}],"wp:term":[{"taxonomy":"category","embeddable":true,"href":"https:\/\/lalupa24.com.ar\/index.php\/wp-json\/wp\/v2\/categories?post=5094"},{"taxonomy":"post_tag","embeddable":true,"href":"https:\/\/lalupa24.com.ar\/index.php\/wp-json\/wp\/v2\/tags?post=5094"}],"curies":[{"name":"wp","href":"https:\/\/api.w.org\/{rel}","templated":true}]}}