{"id":5097,"date":"2025-03-25T11:58:49","date_gmt":"2025-03-25T14:58:49","guid":{"rendered":"https:\/\/lalupa24.com.ar\/?p=5097"},"modified":"2025-03-25T11:58:51","modified_gmt":"2025-03-25T14:58:51","slug":"detenidos-los-abuelos-de-emile-el-nino-de-dos-anos-hallado-muerto-meses-despues-de-desaparecer-en-los-alpes-franceses","status":"publish","type":"post","link":"https:\/\/lalupa24.com.ar\/index.php\/2025\/03\/25\/detenidos-los-abuelos-de-emile-el-nino-de-dos-anos-hallado-muerto-meses-despues-de-desaparecer-en-los-alpes-franceses\/","title":{"rendered":"Detenidos los abuelos de \u00c9mile, el ni\u00f1o de dos a\u00f1os hallado muerto meses despu\u00e9s de desaparecer en los Alpes franceses"},"content":{"rendered":"\n<p>\u00c9mile Soleil, un ni\u00f1o de dos a\u00f1os, desapareci\u00f3 en julio de 2023 en Le Vernet, una localidad de los Alpes franceses, mientras estaba de vacaciones con sus abuelos. Estos, encargados de su cuidado, lo perdieron de vista mientras jugaba a pocos metros de la casa. Sus restos fueron hallados meses despu\u00e9s en una zona que ya hab\u00eda sido rastreada, lo que aument\u00f3 el misterio en torno a su desaparici\u00f3n. Despu\u00e9s de meses de silencio, la investigaci\u00f3n dio un giro este martes con la detenci\u00f3n de varias personas, lo que abre nuevas inc\u00f3gnitas en el caso.<\/p>\n","protected":false},"excerpt":{"rendered":"<p>\u00c9mile Soleil, un ni\u00f1o de dos a\u00f1os, desapareci\u00f3 en julio de 2023 en Le Vernet, una localidad de los Alpes franceses, mientras estaba de vacaciones con sus abuelos. Estos, encargados de su cuidado, lo perdieron de vista mientras jugaba a pocos metros de la casa. Sus restos fueron hallados meses despu\u00e9s en una zona que [&hellip;]<\/p>\n","protected":false},"author":2,"featured_media":5098,"comment_status":"open","ping_status":"open","sticky":false,"template":"","format":"standard","meta":{"footnotes":""},"categories":[25],"tags":[],"class_list":{"0":"post-5097","1":"post","2":"type-post","3":"status-publish","4":"format-standard","5":"has-post-thumbnail","7":"category-internacionales"},"aioseo_notices":[],"_links":{"self":[{"href":"https:\/\/lalupa24.com.ar\/index.php\/wp-json\/wp\/v2\/posts\/5097","targetHints":{"allow":["GET"]}}],"collection":[{"href":"https:\/\/lalupa24.com.ar\/index.php\/wp-json\/wp\/v2\/posts"}],"about":[{"href":"https:\/\/lalupa24.com.ar\/index.php\/wp-json\/wp\/v2\/types\/post"}],"author":[{"embeddable":true,"href":"https:\/\/lalupa24.com.ar\/index.php\/wp-json\/wp\/v2\/users\/2"}],"replies":[{"embeddable":true,"href":"https:\/\/lalupa24.com.ar\/index.php\/wp-json\/wp\/v2\/comments?post=5097"}],"version-history":[{"count":1,"href":"https:\/\/lalupa24.com.ar\/index.php\/wp-json\/wp\/v2\/posts\/5097\/revisions"}],"predecessor-version":[{"id":5099,"href":"https:\/\/lalupa24.com.ar\/index.php\/wp-json\/wp\/v2\/posts\/5097\/revisions\/5099"}],"wp:featuredmedia":[{"embeddable":true,"href":"https:\/\/lalupa24.com.ar\/index.php\/wp-json\/wp\/v2\/media\/5098"}],"wp:attachment":[{"href":"https:\/\/lalupa24.com.ar\/index.php\/wp-json\/wp\/v2\/media?parent=5097"}],"wp:term":[{"taxonomy":"category","embeddable":true,"href":"https:\/\/lalupa24.com.ar\/index.php\/wp-json\/wp\/v2\/categories?post=5097"},{"taxonomy":"post_tag","embeddable":true,"href":"https:\/\/lalupa24.com.ar\/index.php\/wp-json\/wp\/v2\/tags?post=5097"}],"curies":[{"name":"wp","href":"https:\/\/api.w.org\/{rel}","templated":true}]}}