{"id":5114,"date":"2025-03-25T12:34:14","date_gmt":"2025-03-25T15:34:14","guid":{"rendered":"https:\/\/lalupa24.com.ar\/?p=5114"},"modified":"2025-03-25T12:34:16","modified_gmt":"2025-03-25T15:34:16","slug":"se-presentara-el-libro-alfonsin-y-los-derechos-humanos-y-se-entregara-la-distincion-honoris-causa-a-graciela-f-meijide","status":"publish","type":"post","link":"https:\/\/lalupa24.com.ar\/index.php\/2025\/03\/25\/se-presentara-el-libro-alfonsin-y-los-derechos-humanos-y-se-entregara-la-distincion-honoris-causa-a-graciela-f-meijide\/","title":{"rendered":"SE PRESENTAR\u00c1 EL LIBRO \u201cALFONS\u00cdN Y LOS DERECHOS HUMANOS\u201d Y SE ENTREGAR\u00c1 LA DISTINCI\u00d3N HONORIS CAUSA A GRACIELA F. MEIJIDE"},"content":{"rendered":"\n<p>Con el acompa\u00f1amiento del gobernador Zdero, la Provincia conmemorar\u00e1 el D\u00eda Nacional de la Memoria, la Verdad y la Justicia con un acto en la Casa de las Culturas. La presentaci\u00f3n contar\u00e1 con un conversatorio junto a Graciela Fern\u00e1ndez Meijide, quien recibir\u00e1 tambi\u00e9n la distinci\u00f3n Honoris Causa de la UNNE.&nbsp;<\/p>\n\n\n\n<p>El gobernador Leandro Zdero encabezar\u00e1, este mi\u00e9rcoles 26, el acto oficial por el D\u00eda Nacional de la Memoria, la Verdad y la Justicia, que se desarrollar\u00e1 en la Casa de las Culturas a partir de las 20 Hs. En la ocasi\u00f3n se presentar\u00e1 el libro de Alejandro Carri\u00f3, \u201cAlfons\u00edn y los derechos humanos\u201d y se otorgar\u00e1 la distinci\u00f3n Honoris Causa a Graciela Fern\u00e1ndez Meijide, por parte de la Universidad Nacional del Nordeste (UNNE).&nbsp;<br>As\u00ed lo anunci\u00f3 este martes el subsecretario de Derechos Humanos, Hugo Maldonado junto al ministro de Gobierno Justicia, Trabajo y Derechos Humanos Jorge G\u00f3mez; el secretario General de Extensi\u00f3n Universitaria de la UNNE Patricio Gonz\u00e1lez; y el titular de Librer\u00eda Contexto Rub\u00e9n Duk.&nbsp;<br>\u201cAlejandro Carri\u00f3 es un autor argentino con trascendencia en el mundo, con prestigio en el \u00e1mbito del derecho constitucional\u201d, indic\u00f3 Maldonado y agreg\u00f3 que en el marco de la presentaci\u00f3n se realizar\u00e1 un conversatorio con Graciela Fern\u00e1ndez Meijide, quien figura en el libro a prop\u00f3sito de su trabajo en Derechos Humanos junto a Alfons\u00edn y su aporte a la Comisi\u00f3n Nacional sobre la Desaparici\u00f3n de Personas (CONADEP).&nbsp;<br>\u201cLos argentinos tenemos varios consensos, a pesar de plantear tantas veces una sociedad dividida en dos; uno de ellos es haber institucionalizado el 24 de marzo como la jornada de reflexi\u00f3n a prop\u00f3sito de&nbsp; momentos que no queremos repetir\u201d, expres\u00f3 el funcionario.<br>El secretario General de Extensi\u00f3n Universitaria Patricio Gonz\u00e1lez destac\u00f3 el otorgamiento de la distinci\u00f3n Honoris Causa a Fern\u00e1ndez Meijide. \u201cEs la m\u00e1xima distinci\u00f3n que otorga nuestra universidad a personalidades que se han destacado en alguna materia o \u00e1rea espec\u00edfica. En este caso, es una personalidad muy reconocida en el \u00e1mbito de la defensa de los Derechos Humanos, y este otorgamiento tuvo un proceso de an\u00e1lisis a trav\u00e9s de distintas comisiones y fue aprobado de manera un\u00e1nime\u201d, concluy\u00f3.<\/p>\n","protected":false},"excerpt":{"rendered":"<p>Con el acompa\u00f1amiento del gobernador Zdero, la Provincia conmemorar\u00e1 el D\u00eda Nacional de la Memoria, la Verdad y la Justicia con un acto en la Casa de las Culturas. La presentaci\u00f3n contar\u00e1 con un conversatorio junto a Graciela Fern\u00e1ndez Meijide, quien recibir\u00e1 tambi\u00e9n la distinci\u00f3n Honoris Causa de la UNNE.&nbsp; El gobernador Leandro Zdero encabezar\u00e1, [&hellip;]<\/p>\n","protected":false},"author":2,"featured_media":5115,"comment_status":"open","ping_status":"open","sticky":false,"template":"","format":"standard","meta":{"footnotes":""},"categories":[28],"tags":[],"class_list":{"0":"post-5114","1":"post","2":"type-post","3":"status-publish","4":"format-standard","5":"has-post-thumbnail","7":"category-locales"},"aioseo_notices":[],"_links":{"self":[{"href":"https:\/\/lalupa24.com.ar\/index.php\/wp-json\/wp\/v2\/posts\/5114","targetHints":{"allow":["GET"]}}],"collection":[{"href":"https:\/\/lalupa24.com.ar\/index.php\/wp-json\/wp\/v2\/posts"}],"about":[{"href":"https:\/\/lalupa24.com.ar\/index.php\/wp-json\/wp\/v2\/types\/post"}],"author":[{"embeddable":true,"href":"https:\/\/lalupa24.com.ar\/index.php\/wp-json\/wp\/v2\/users\/2"}],"replies":[{"embeddable":true,"href":"https:\/\/lalupa24.com.ar\/index.php\/wp-json\/wp\/v2\/comments?post=5114"}],"version-history":[{"count":1,"href":"https:\/\/lalupa24.com.ar\/index.php\/wp-json\/wp\/v2\/posts\/5114\/revisions"}],"predecessor-version":[{"id":5116,"href":"https:\/\/lalupa24.com.ar\/index.php\/wp-json\/wp\/v2\/posts\/5114\/revisions\/5116"}],"wp:featuredmedia":[{"embeddable":true,"href":"https:\/\/lalupa24.com.ar\/index.php\/wp-json\/wp\/v2\/media\/5115"}],"wp:attachment":[{"href":"https:\/\/lalupa24.com.ar\/index.php\/wp-json\/wp\/v2\/media?parent=5114"}],"wp:term":[{"taxonomy":"category","embeddable":true,"href":"https:\/\/lalupa24.com.ar\/index.php\/wp-json\/wp\/v2\/categories?post=5114"},{"taxonomy":"post_tag","embeddable":true,"href":"https:\/\/lalupa24.com.ar\/index.php\/wp-json\/wp\/v2\/tags?post=5114"}],"curies":[{"name":"wp","href":"https:\/\/api.w.org\/{rel}","templated":true}]}}