{"id":5131,"date":"2025-03-25T14:49:29","date_gmt":"2025-03-25T17:49:29","guid":{"rendered":"https:\/\/lalupa24.com.ar\/?p=5131"},"modified":"2025-03-25T14:49:30","modified_gmt":"2025-03-25T17:49:30","slug":"el-estado-provincial-sera-querellante-desde-el-gobierno-provincial-recibimos-hoy-a-la-familia-y-nos-pusimos-a-disposicion-jorge-gomez","status":"publish","type":"post","link":"https:\/\/lalupa24.com.ar\/index.php\/2025\/03\/25\/el-estado-provincial-sera-querellante-desde-el-gobierno-provincial-recibimos-hoy-a-la-familia-y-nos-pusimos-a-disposicion-jorge-gomez\/","title":{"rendered":"El estado provincial ser\u00e1 querellante, \u201cDesde el gobierno provincial recibimos hoy a la familia y nos pusimos a disposici\u00f3n\u201d Jorge G\u00f3mez"},"content":{"rendered":"\n<p><br><\/p>\n\n\n\n<p><em>El funcionario provincial se reuni\u00f3, este martes, con la familia de Sol G\u00f3mez Montiel, tras el tr\u00e1gico suceso ocurrido en Fontana._<\/em>&#8211;<\/p>\n\n\n\n<p>El ministro de Gobierno, Justicia, Trabajo y Derechos Humanos, Jorge G\u00f3mez, se reuni\u00f3 con los familiares de Sol G\u00f3mez Montiel, la v\u00edctima de 13 a\u00f1os. Durante el encuentro, el funcionario, acompa\u00f1ado por la subsecretaria de G\u00e9nero, Sonia Valenzuela, se puso a disposici\u00f3n para acompa\u00f1ar a los seres queridos de la adolescente, quien fue hallada muerta en el domicilio de su vecino de 18 a\u00f1os. Este \u00faltimo ya se encuentra detenido, tras un r\u00e1pido accionar de la justicia y la Polic\u00eda del Chaco.<br>&#8220;Quer\u00edamos informarle a la familia sobre la intervenci\u00f3n que estamos llevando a cabo, y sobre todo, ponernos a su disposici\u00f3n por instrucci\u00f3n del gobernador, Leandro Zdero&#8221;, dijo G\u00f3mez, y a\u00f1adi\u00f3: &#8220;Desde el Gobierno, sabemos d\u00f3nde debemos estar, y lo hacemos, que es al lado de la v\u00edctima&#8221;.<br>Cabe destacar que el Gobierno provincial se constituir\u00e1 como querellante en la causa. Esto significa que un abogado de la Subsecretar\u00eda de G\u00e9nero intervendr\u00e1 directamente, conforme a lo establecido por la ley y tenga una sentencia ejemplar.<br>Por otra parte, la familia de G\u00f3mez Montiel solicit\u00f3 al ministro G\u00f3mez seguridad en su domicilio y en la zona del barrio de Fontana. En respuesta, se coordin\u00f3 r\u00e1pidamente con el Ministerio de Seguridad de la provincia para brindarles seguridad integral y evitar que sufran hostigamiento.<br>&#8220;Como Gobierno, nos posicionamos del lado de la v\u00edctima, estamos para defenderlas. Estos casos nos indignan, nos golpean y nos cuestionan como sociedad por el grado de violencia que tenemos. Son casos inexplicables, pero debemos dar la cara, ponernos al frente de esta lucha y estar precisamente con la familia, que es la que est\u00e1 sufriendo esta p\u00e9rdida irrecuperable&#8221;, concluy\u00f3 G\u00f3mez.<\/p>\n","protected":false},"excerpt":{"rendered":"<p>El funcionario provincial se reuni\u00f3, este martes, con la familia de Sol G\u00f3mez Montiel, tras el tr\u00e1gico suceso ocurrido en Fontana._&#8211; El ministro de Gobierno, Justicia, Trabajo y Derechos Humanos, Jorge G\u00f3mez, se reuni\u00f3 con los familiares de Sol G\u00f3mez Montiel, la v\u00edctima de 13 a\u00f1os. Durante el encuentro, el funcionario, acompa\u00f1ado por la subsecretaria [&hellip;]<\/p>\n","protected":false},"author":2,"featured_media":5132,"comment_status":"open","ping_status":"open","sticky":false,"template":"","format":"standard","meta":{"footnotes":""},"categories":[28],"tags":[],"class_list":{"0":"post-5131","1":"post","2":"type-post","3":"status-publish","4":"format-standard","5":"has-post-thumbnail","7":"category-locales"},"aioseo_notices":[],"_links":{"self":[{"href":"https:\/\/lalupa24.com.ar\/index.php\/wp-json\/wp\/v2\/posts\/5131","targetHints":{"allow":["GET"]}}],"collection":[{"href":"https:\/\/lalupa24.com.ar\/index.php\/wp-json\/wp\/v2\/posts"}],"about":[{"href":"https:\/\/lalupa24.com.ar\/index.php\/wp-json\/wp\/v2\/types\/post"}],"author":[{"embeddable":true,"href":"https:\/\/lalupa24.com.ar\/index.php\/wp-json\/wp\/v2\/users\/2"}],"replies":[{"embeddable":true,"href":"https:\/\/lalupa24.com.ar\/index.php\/wp-json\/wp\/v2\/comments?post=5131"}],"version-history":[{"count":1,"href":"https:\/\/lalupa24.com.ar\/index.php\/wp-json\/wp\/v2\/posts\/5131\/revisions"}],"predecessor-version":[{"id":5133,"href":"https:\/\/lalupa24.com.ar\/index.php\/wp-json\/wp\/v2\/posts\/5131\/revisions\/5133"}],"wp:featuredmedia":[{"embeddable":true,"href":"https:\/\/lalupa24.com.ar\/index.php\/wp-json\/wp\/v2\/media\/5132"}],"wp:attachment":[{"href":"https:\/\/lalupa24.com.ar\/index.php\/wp-json\/wp\/v2\/media?parent=5131"}],"wp:term":[{"taxonomy":"category","embeddable":true,"href":"https:\/\/lalupa24.com.ar\/index.php\/wp-json\/wp\/v2\/categories?post=5131"},{"taxonomy":"post_tag","embeddable":true,"href":"https:\/\/lalupa24.com.ar\/index.php\/wp-json\/wp\/v2\/tags?post=5131"}],"curies":[{"name":"wp","href":"https:\/\/api.w.org\/{rel}","templated":true}]}}