{"id":5134,"date":"2025-03-25T17:30:42","date_gmt":"2025-03-25T20:30:42","guid":{"rendered":"https:\/\/lalupa24.com.ar\/?p=5134"},"modified":"2025-03-25T17:30:43","modified_gmt":"2025-03-25T20:30:43","slug":"idach-el-gobernador-zdero-recibio-al-flamante-presidente-florencio-diaz-y-aseguro-un-trabajo-mancomunado-y-continuo","status":"publish","type":"post","link":"https:\/\/lalupa24.com.ar\/index.php\/2025\/03\/25\/idach-el-gobernador-zdero-recibio-al-flamante-presidente-florencio-diaz-y-aseguro-un-trabajo-mancomunado-y-continuo\/","title":{"rendered":"IDACH: el gobernador Zdero recibi\u00f3 al flamante presidente Florencio D\u00edaz y asegur\u00f3 \u201cun trabajo mancomunado y continuo\u201d"},"content":{"rendered":"\n<p>El primer mandatario provincial, asegur\u00f3 que el gobierno continuar\u00e1 trabajando en conjunto con un plan integral para atender las demandas de las comunidades. Entre ellas, record\u00f3 que se comenz\u00f3 a incorporar a integrantes de Pueblos Originarios a la Polic\u00eda del Chaco y a regularizar actualmente a quienes prestaban servicios en Salud de manera precarizada.<\/p>\n\n\n\n<p>El gobernador Leandro Zdero recibi\u00f3, este martes, en el Sal\u00f3n de Acuerdos de Casa de Gobierno, al flamante presidente del Instituto del Aborigen Chaque\u00f1o (Idach) Florencio D\u00edaz y a la vicepresidente Gabriela Montoya. Este domingo en una jornada hist\u00f3rica, las etnias originales de la provincia (Qom, Wichi y Moqoit) consagraron la f\u00f3rmula al frente del organismo con un contundente triunfo.<\/p>\n\n\n\n<p>El gobernador felicit\u00f3 a la nueva conducci\u00f3n y asegur\u00f3 que el rumbo estar\u00e1 marcado por un trabajo continuo. \u201cTengo mucha fe en que la nueva gesti\u00f3n del IDACH realizar\u00e1 mucho por los pueblos originarios, con un trabajo mancomunado para sacar entre todos al Chaco adelante\u201d, indic\u00f3.<\/p>\n\n\n\n<p>Para ello asegur\u00f3 que el gobierno provincial cuenta con un plan integral. \u201cHace m\u00e1s de 16 a\u00f1os que no hab\u00eda pol\u00edticas de integraci\u00f3n ni de reconocimiento a los pueblos originarios, desde que llegamos a la gesti\u00f3n desarrollamos un plan integral para atender las demandas de los pueblos originarios\u201d, remarc\u00f3.<\/p>\n\n\n\n<p>Entre otros puntos, indic\u00f3 que se trabaja para combatir la precarizaci\u00f3n laboral de pueblos originarios que prestaban servicios en salud, a quienes hoy se los est\u00e1 regularizando. De igual manera se incorpora a integrantes de los pueblos originarios a la Polic\u00eda del Chaco. \u201cSeguimos avanzando en derechos, haciendo de la provincia un marco plural donde criollos, originarios e inmigrantes convivamos. Tambi\u00e9n vamos a trabajar fuertemente en lo educativo, y a lograr que sea la educaci\u00f3n esa herramienta que les permita desarrollarse\u201d, concluy\u00f3.<\/p>\n\n\n\n<p>FLORENCIO D\u00cdAZ: \u201cARTICULAR ES LA BASE, CON COMPROMISO Y DI\u00c1LOGO HACIA NUESTRAS COMUNIDADES\u201d<\/p>\n\n\n\n<p>Por su parte, D\u00edaz agradeci\u00f3 profundamente al gobernador Zdero por el acompa\u00f1amiento. \u201cEl domingo pudimos ver el apoyo masivo de nuestra comunidad, marcada por la esperanza de cambio\u201d, dijo. Y asegur\u00f3 que esta gesti\u00f3n trabajar\u00e1 sobre un IDACH activo en sinton\u00eda con la comunidad, sobre las bases del di\u00e1logo y el compromiso.<\/p>\n","protected":false},"excerpt":{"rendered":"<p>El primer mandatario provincial, asegur\u00f3 que el gobierno continuar\u00e1 trabajando en conjunto con un plan integral para atender las demandas de las comunidades. Entre ellas, record\u00f3 que se comenz\u00f3 a incorporar a integrantes de Pueblos Originarios a la Polic\u00eda del Chaco y a regularizar actualmente a quienes prestaban servicios en Salud de manera precarizada. El [&hellip;]<\/p>\n","protected":false},"author":11,"featured_media":5135,"comment_status":"open","ping_status":"open","sticky":false,"template":"","format":"standard","meta":{"footnotes":""},"categories":[28],"tags":[],"class_list":{"0":"post-5134","1":"post","2":"type-post","3":"status-publish","4":"format-standard","5":"has-post-thumbnail","7":"category-locales"},"aioseo_notices":[],"_links":{"self":[{"href":"https:\/\/lalupa24.com.ar\/index.php\/wp-json\/wp\/v2\/posts\/5134","targetHints":{"allow":["GET"]}}],"collection":[{"href":"https:\/\/lalupa24.com.ar\/index.php\/wp-json\/wp\/v2\/posts"}],"about":[{"href":"https:\/\/lalupa24.com.ar\/index.php\/wp-json\/wp\/v2\/types\/post"}],"author":[{"embeddable":true,"href":"https:\/\/lalupa24.com.ar\/index.php\/wp-json\/wp\/v2\/users\/11"}],"replies":[{"embeddable":true,"href":"https:\/\/lalupa24.com.ar\/index.php\/wp-json\/wp\/v2\/comments?post=5134"}],"version-history":[{"count":1,"href":"https:\/\/lalupa24.com.ar\/index.php\/wp-json\/wp\/v2\/posts\/5134\/revisions"}],"predecessor-version":[{"id":5136,"href":"https:\/\/lalupa24.com.ar\/index.php\/wp-json\/wp\/v2\/posts\/5134\/revisions\/5136"}],"wp:featuredmedia":[{"embeddable":true,"href":"https:\/\/lalupa24.com.ar\/index.php\/wp-json\/wp\/v2\/media\/5135"}],"wp:attachment":[{"href":"https:\/\/lalupa24.com.ar\/index.php\/wp-json\/wp\/v2\/media?parent=5134"}],"wp:term":[{"taxonomy":"category","embeddable":true,"href":"https:\/\/lalupa24.com.ar\/index.php\/wp-json\/wp\/v2\/categories?post=5134"},{"taxonomy":"post_tag","embeddable":true,"href":"https:\/\/lalupa24.com.ar\/index.php\/wp-json\/wp\/v2\/tags?post=5134"}],"curies":[{"name":"wp","href":"https:\/\/api.w.org\/{rel}","templated":true}]}}