{"id":5146,"date":"2025-03-25T20:26:19","date_gmt":"2025-03-25T23:26:19","guid":{"rendered":"https:\/\/lalupa24.com.ar\/?p=5146"},"modified":"2025-03-25T20:26:20","modified_gmt":"2025-03-25T23:26:20","slug":"andres-rodriguez-el-paro-de-la-cgt-es-inamovible","status":"publish","type":"post","link":"https:\/\/lalupa24.com.ar\/index.php\/2025\/03\/25\/andres-rodriguez-el-paro-de-la-cgt-es-inamovible\/","title":{"rendered":"Andr\u00e9s Rodr\u00edguez: &#8220;El paro de la CGT es inamovible&#8221;"},"content":{"rendered":"\n<p>Sostuvo que &#8220;hubo un per\u00edodo conflictivo al principio del gobierno, luego un segundo semestre de negociaci\u00f3n&#8221; y ahora un regreso &#8220;al conflicto&#8221;.<\/p>\n\n\n\n<p>El secretario general del sindicato UPCN, Andr\u00e9s Rodr\u00edguez, ratific\u00f3 hoy que el paro general que convoc\u00f3 la CGT para el 10 de abril &#8220;es inamovible&#8221; y sostuvo que &#8220;hubo un per\u00edodo conflictivo al principio del gobierno, luego un segundo semestre de negociaci\u00f3n&#8221; y ahora un regreso &#8220;al conflicto&#8221;.<\/p>\n\n\n\n<p>&#8220;El paro es algo inamovible que se decidi\u00f3 en el Consejo Directivo. Cuando el Gobierno nos cit\u00f3 el a\u00f1o pasado no llegamos a ning\u00fan acuerdo&#8221;, remarc\u00f3 el dirigente del gremio de empleados p\u00fablicos nacionales en declaraciones radiales.<\/p>\n\n\n\n<p>En ese marco, argument\u00f3: \u201cHacemos el par por varias razones, una es que las paritarias que estamos cerrando est\u00e1n por debajo del ritmo inflacionario, de una inflaci\u00f3n que est\u00e1 siendo cuestionada y esto est\u00e1 generando mayor desocupaci\u00f3n\u201d.<\/p>\n\n\n\n<p>Al respecto, Rodr\u00edguez dijo que los estatales est\u00e1n &#8220;perdiendo un 20%&#8221; de sus ingresos &#8220;desde que comenz\u00f3 este gobierno&#8221;.<\/p>\n\n\n\n<p>&#8220;El mi\u00e9rcoles pasado hubo presencia de gremios y otros sectores que se movilizaron para acompa\u00f1ar a los jubilados y probablemente se siga haciendo mi\u00e9rcoles tras mi\u00e9rcoles. El mi\u00e9rcoles 9 tiene un significado especial porque es la antesala del paro. El plan de lucha contin\u00faa con una movilizaci\u00f3n el 1 de mayo (por el D\u00eda del Trabajador)&#8221;, plante\u00f3.<\/p>\n\n\n\n<p>Por \u00faltimo, el tambi\u00e9n secretario adjunto de la CGT se refiri\u00f3 a la reciente marcha por el aniversario del Golpe del &#8217;76: &#8220;Se manifest\u00f3 much\u00edsima gente por la provocaci\u00f3n que hace el oficialismo en sacar la declaraci\u00f3n de un personaje (Agust\u00edn Laje), que ni siquiera es parte del Gobierno, catalogando que quer\u00eda una versi\u00f3n completa de la historia; para nosotros la versi\u00f3n completa para nosotros es que hubo 30 mil desaparecidos y se le contest\u00f3 con una marcha apote\u00f3tica&#8221;, afirm\u00f3.<\/p>\n","protected":false},"excerpt":{"rendered":"<p>Sostuvo que &#8220;hubo un per\u00edodo conflictivo al principio del gobierno, luego un segundo semestre de negociaci\u00f3n&#8221; y ahora un regreso &#8220;al conflicto&#8221;. El secretario general del sindicato UPCN, Andr\u00e9s Rodr\u00edguez, ratific\u00f3 hoy que el paro general que convoc\u00f3 la CGT para el 10 de abril &#8220;es inamovible&#8221; y sostuvo que &#8220;hubo un per\u00edodo conflictivo al [&hellip;]<\/p>\n","protected":false},"author":11,"featured_media":5147,"comment_status":"open","ping_status":"open","sticky":false,"template":"","format":"standard","meta":{"footnotes":""},"categories":[26],"tags":[],"class_list":{"0":"post-5146","1":"post","2":"type-post","3":"status-publish","4":"format-standard","5":"has-post-thumbnail","7":"category-nacionales"},"aioseo_notices":[],"_links":{"self":[{"href":"https:\/\/lalupa24.com.ar\/index.php\/wp-json\/wp\/v2\/posts\/5146","targetHints":{"allow":["GET"]}}],"collection":[{"href":"https:\/\/lalupa24.com.ar\/index.php\/wp-json\/wp\/v2\/posts"}],"about":[{"href":"https:\/\/lalupa24.com.ar\/index.php\/wp-json\/wp\/v2\/types\/post"}],"author":[{"embeddable":true,"href":"https:\/\/lalupa24.com.ar\/index.php\/wp-json\/wp\/v2\/users\/11"}],"replies":[{"embeddable":true,"href":"https:\/\/lalupa24.com.ar\/index.php\/wp-json\/wp\/v2\/comments?post=5146"}],"version-history":[{"count":1,"href":"https:\/\/lalupa24.com.ar\/index.php\/wp-json\/wp\/v2\/posts\/5146\/revisions"}],"predecessor-version":[{"id":5148,"href":"https:\/\/lalupa24.com.ar\/index.php\/wp-json\/wp\/v2\/posts\/5146\/revisions\/5148"}],"wp:featuredmedia":[{"embeddable":true,"href":"https:\/\/lalupa24.com.ar\/index.php\/wp-json\/wp\/v2\/media\/5147"}],"wp:attachment":[{"href":"https:\/\/lalupa24.com.ar\/index.php\/wp-json\/wp\/v2\/media?parent=5146"}],"wp:term":[{"taxonomy":"category","embeddable":true,"href":"https:\/\/lalupa24.com.ar\/index.php\/wp-json\/wp\/v2\/categories?post=5146"},{"taxonomy":"post_tag","embeddable":true,"href":"https:\/\/lalupa24.com.ar\/index.php\/wp-json\/wp\/v2\/tags?post=5146"}],"curies":[{"name":"wp","href":"https:\/\/api.w.org\/{rel}","templated":true}]}}