{"id":5149,"date":"2025-03-25T21:32:00","date_gmt":"2025-03-26T00:32:00","guid":{"rendered":"https:\/\/lalupa24.com.ar\/?p=5149"},"modified":"2025-03-25T20:33:40","modified_gmt":"2025-03-25T23:33:40","slug":"francos-aseguro-que-el-ejecutivo-no-retirara-los-pliegos-de-lijo-y-garcia-mansilla","status":"publish","type":"post","link":"https:\/\/lalupa24.com.ar\/index.php\/2025\/03\/25\/francos-aseguro-que-el-ejecutivo-no-retirara-los-pliegos-de-lijo-y-garcia-mansilla\/","title":{"rendered":"Francos asegur\u00f3 que el Ejecutivo no retirar\u00e1 los pliegos de Lijo y Garc\u00eda-Mansilla"},"content":{"rendered":"\n<p>El jefe de Gabinete sostuvo que no es algo que eval\u00faa el Gobierno. Por otra parte, se manifest\u00f3 en contra de cualquier iniciativa vinculada a una nueva moratoria previsional.<\/p>\n\n\n\n<p>El jefe de Gabinete, Guillermo Francos, asegur\u00f3 este martes que el retiro de los pliegos de Ariel Lijo y Manuel Garc\u00eda-Mansilla para la Corte Suprema no es algo que vaya a realizar el Poder Ejecutivo.<\/p>\n\n\n\n<p>&#8220;No, no lo eval\u00faa el Gobierno. No los va a retirar&#8221;, respondi\u00f3 durante una entrevista en radio Futurock sobre la opci\u00f3n de que Casa Rosada pida la salida de los pliegos enviados al Senado, donde fue convocada una sesi\u00f3n para su tratamiento el pr\u00f3ximo 3 de abril.<\/p>\n\n\n\n<p>Ante la presi\u00f3n de Uni\u00f3n por la Patria de voltear las designaciones, luego que el presidente Javier Milei nombrara a ambos por decreto -aunque el juez federal Lijo todav\u00eda no pudo asumir, pues la Corte no le acept\u00f3 la licencia en su cargo-, la Comisi\u00f3n de Acuerdos se reuni\u00f3 para habilitar el dictamen de Garc\u00eda-Mansilla, quien s\u00ed ya est\u00e1 en funciones en el m\u00e1ximo tribunal. Por su parte, el de Lijo hab\u00eda logrado las adhesiones necesarias en febrero pasado, pero no tuvo garantizados los votos para aprobarse en el recinto y, en la \u00faltima semana de ese mes, Milei avanz\u00f3 por decreto.<\/p>\n\n\n\n<p>&#8220;Ambos ministros de la Corte fueron designados por decreto en funci\u00f3n de las facultades constitucionales y est\u00e1n en funciones hasta el 30 de noviembre de este a\u00f1o cuando finalice el periodo de sesiones&#8221;, defendi\u00f3 Francos.<\/p>\n\n\n\n<p>La alternativa de retirar los pliegos hab\u00eda sido un pedido\/sugerencia de algunos aliados, inc\u00f3modos con tener que ir al recinto a levantar la mano por una postura u otra. Cabe recordar que, para su aprobaci\u00f3n, los pliegos requieren el aval de dos tercios de los presentes; mientras que, en caso de asistencia perfecta, 25 senadores en contra podr\u00edan bloquear una designaci\u00f3n.<\/p>\n\n\n\n<p>El jefe de Gabinete agreg\u00f3 que en el caso de Lijo, &#8220;todav\u00eda no ha asumido, pero veremos qu\u00e9 hace; deber\u00edan preguntarle a \u00e9l&#8221;. &#8220;Con respecto a Garc\u00eda-Mansilla, \u00e9l puede seguir en su cargo constitucionalmente&#8221; a\u00fan si el Senado le rechaza el pliego, consider\u00f3 el funcionario.<\/p>\n\n\n\n<p>Por otro lado, consultado sobre los distintos proyectos vinculados a dar una respuesta al fin de la moratoria previsional, que comenzar\u00e1n a debatirse el pr\u00f3ximo 9 de abril, Francos asever\u00f3 que &#8220;el Gobierno no va a aprobar ning\u00fan proyecto de estas caracter\u00edsticas, que no tenga claramente establecido c\u00f3mo se financia&#8221;.<\/p>\n\n\n\n<p>&#8220;Todos estos proyectos de moratoria han generado un caos en el sistema previsional argentino, que ha terminado desfinanciado&#8221;, sum\u00f3 y sobre si habr\u00eda un veto ante una eventual ley, dijo que eso ser\u00eda &#8220;una decisi\u00f3n del presidente&#8221;. No obstante, reiter\u00f3 que &#8220;el Gobierno no est\u00e1 de acuerdo con el sistema de moratorias&#8221;.<\/p>\n\n\n\n<p><\/p>\n","protected":false},"excerpt":{"rendered":"<p>El jefe de Gabinete sostuvo que no es algo que eval\u00faa el Gobierno. Por otra parte, se manifest\u00f3 en contra de cualquier iniciativa vinculada a una nueva moratoria previsional. El jefe de Gabinete, Guillermo Francos, asegur\u00f3 este martes que el retiro de los pliegos de Ariel Lijo y Manuel Garc\u00eda-Mansilla para la Corte Suprema no [&hellip;]<\/p>\n","protected":false},"author":11,"featured_media":5150,"comment_status":"open","ping_status":"open","sticky":false,"template":"","format":"standard","meta":{"footnotes":""},"categories":[26],"tags":[],"class_list":{"0":"post-5149","1":"post","2":"type-post","3":"status-publish","4":"format-standard","5":"has-post-thumbnail","7":"category-nacionales"},"aioseo_notices":[],"_links":{"self":[{"href":"https:\/\/lalupa24.com.ar\/index.php\/wp-json\/wp\/v2\/posts\/5149","targetHints":{"allow":["GET"]}}],"collection":[{"href":"https:\/\/lalupa24.com.ar\/index.php\/wp-json\/wp\/v2\/posts"}],"about":[{"href":"https:\/\/lalupa24.com.ar\/index.php\/wp-json\/wp\/v2\/types\/post"}],"author":[{"embeddable":true,"href":"https:\/\/lalupa24.com.ar\/index.php\/wp-json\/wp\/v2\/users\/11"}],"replies":[{"embeddable":true,"href":"https:\/\/lalupa24.com.ar\/index.php\/wp-json\/wp\/v2\/comments?post=5149"}],"version-history":[{"count":1,"href":"https:\/\/lalupa24.com.ar\/index.php\/wp-json\/wp\/v2\/posts\/5149\/revisions"}],"predecessor-version":[{"id":5151,"href":"https:\/\/lalupa24.com.ar\/index.php\/wp-json\/wp\/v2\/posts\/5149\/revisions\/5151"}],"wp:featuredmedia":[{"embeddable":true,"href":"https:\/\/lalupa24.com.ar\/index.php\/wp-json\/wp\/v2\/media\/5150"}],"wp:attachment":[{"href":"https:\/\/lalupa24.com.ar\/index.php\/wp-json\/wp\/v2\/media?parent=5149"}],"wp:term":[{"taxonomy":"category","embeddable":true,"href":"https:\/\/lalupa24.com.ar\/index.php\/wp-json\/wp\/v2\/categories?post=5149"},{"taxonomy":"post_tag","embeddable":true,"href":"https:\/\/lalupa24.com.ar\/index.php\/wp-json\/wp\/v2\/tags?post=5149"}],"curies":[{"name":"wp","href":"https:\/\/api.w.org\/{rel}","templated":true}]}}