{"id":5152,"date":"2025-03-26T08:50:00","date_gmt":"2025-03-26T11:50:00","guid":{"rendered":"https:\/\/lalupa24.com.ar\/?p=5152"},"modified":"2025-03-25T21:52:51","modified_gmt":"2025-03-26T00:52:51","slug":"lanzaron-la-convocatoria-para-participar-de-la-ronda-de-negocios-2025","status":"publish","type":"post","link":"https:\/\/lalupa24.com.ar\/index.php\/2025\/03\/26\/lanzaron-la-convocatoria-para-participar-de-la-ronda-de-negocios-2025\/","title":{"rendered":"Lanzaron la convocatoria para participar de la Ronda de Negocios 2025"},"content":{"rendered":"\n<p>&nbsp;La Confederaci\u00f3n Argentina de la Mediana Empresa (CAME), la Federaci\u00f3n Econ\u00f3mica del Chaco (FECHACO), la C\u00e1mara de Comercio Exterior del Chaco (COMEXCHACO) y la C\u00e1mara de Comercio de Resistencia (CCRes), con el auspicio del Gobierno de la provincia del Chaco, invitan a participar de la Ronda de Negocios 2025 \u201cLitoral + Paraguay + Brasil\u201d, a realizarse el Lunes 28 de abril, a partir de las 8.30 horas, en el Centro de Convenciones Gala, ubicado en Ruta 11, KM 1003.<\/p>\n\n\n\n<p>&nbsp;A trav\u00e9s de una conferencia de prensa que tuvo lugar este jueves en la sede de FECHACO, que cont\u00f3 con la presencia del secretario de Coordinaci\u00f3n de Gabinete, Livio Guti\u00e9rrez; el ministro de Producci\u00f3n, Oscar Dudik; el subsecretario de Industria, Hip\u00f3lito Beveraggi; y el diputado Ivan Gyoker; y Mat\u00edas Brugnoli, en representaci\u00f3n de CAME junto al secretario general de FECHACO y titular de COMEXCHACO, Pablo Staszewski y el vocal de CCRes, Ivan Bonzi presentaron oficialmente esta 3\u00b0 edici\u00f3n e invitaron al sector empresario de la ciudad a participar de la jornada.<\/p>\n\n\n\n<p>El evento tiene como objetivo posibilitar el inicio de nuevos contactos comerciales y\/o institucionales y desde ah\u00ed, generar escenarios de negocios, asociaciones, representaciones y todo aquello que ayude a mejorar la competitividad de las pymes del Litoral argentino, de la Rep\u00fablica del Paraguay y Brasil, a trav\u00e9s de la reconocida plataforma de rondas de negocios de CAME.<\/p>\n\n\n\n<p>&nbsp;Importante presencia de empresas de Paraguay y Brasil<\/p>\n\n\n\n<p>En la ronda de prensa, anunciaron que la actividad contar\u00e1 con la participaci\u00f3n de una importante comitiva de empresarios paraguayos y del sur brasile\u00f1o.<\/p>\n\n\n\n<p>Autoridades de CAME y del Servicio Brasile\u00f1o de Apoyo a las Micro y Peque\u00f1as Empresas de Paran\u00e1 (SEBRAE), estar\u00e1n presentes en este evento brindando herramientas para promover el comercio bilateral de las peque\u00f1as y medianas empresas de ambos pa\u00edses.<\/p>\n\n\n\n<p>Informes e inscripci\u00f3n<\/p>\n\n\n\n<p>El evento, que prev\u00e9 la participaci\u00f3n de m\u00e1s de 400 empresarios, es arancelado por un costo de $8.000 y requiere inscripci\u00f3n a trav\u00e9s de un formulario a completar.<\/p>\n\n\n\n<p>Para aquellas empresas interesadas en reservar su lugar, dirigirse al siguiente correo electr\u00f3nico: gerencia@fechaco.org , o bien, comunicarse al 3624-050669 (Natalia Zeniquelrias&#8221;.<\/p>\n\n\n\n<p><\/p>\n","protected":false},"excerpt":{"rendered":"<p>&nbsp;La Confederaci\u00f3n Argentina de la Mediana Empresa (CAME), la Federaci\u00f3n Econ\u00f3mica del Chaco (FECHACO), la C\u00e1mara de Comercio Exterior del Chaco (COMEXCHACO) y la C\u00e1mara de Comercio de Resistencia (CCRes), con el auspicio del Gobierno de la provincia del Chaco, invitan a participar de la Ronda de Negocios 2025 \u201cLitoral + Paraguay + Brasil\u201d, a [&hellip;]<\/p>\n","protected":false},"author":11,"featured_media":5153,"comment_status":"open","ping_status":"open","sticky":false,"template":"","format":"standard","meta":{"footnotes":""},"categories":[26],"tags":[],"class_list":{"0":"post-5152","1":"post","2":"type-post","3":"status-publish","4":"format-standard","5":"has-post-thumbnail","7":"category-nacionales"},"aioseo_notices":[],"_links":{"self":[{"href":"https:\/\/lalupa24.com.ar\/index.php\/wp-json\/wp\/v2\/posts\/5152","targetHints":{"allow":["GET"]}}],"collection":[{"href":"https:\/\/lalupa24.com.ar\/index.php\/wp-json\/wp\/v2\/posts"}],"about":[{"href":"https:\/\/lalupa24.com.ar\/index.php\/wp-json\/wp\/v2\/types\/post"}],"author":[{"embeddable":true,"href":"https:\/\/lalupa24.com.ar\/index.php\/wp-json\/wp\/v2\/users\/11"}],"replies":[{"embeddable":true,"href":"https:\/\/lalupa24.com.ar\/index.php\/wp-json\/wp\/v2\/comments?post=5152"}],"version-history":[{"count":1,"href":"https:\/\/lalupa24.com.ar\/index.php\/wp-json\/wp\/v2\/posts\/5152\/revisions"}],"predecessor-version":[{"id":5154,"href":"https:\/\/lalupa24.com.ar\/index.php\/wp-json\/wp\/v2\/posts\/5152\/revisions\/5154"}],"wp:featuredmedia":[{"embeddable":true,"href":"https:\/\/lalupa24.com.ar\/index.php\/wp-json\/wp\/v2\/media\/5153"}],"wp:attachment":[{"href":"https:\/\/lalupa24.com.ar\/index.php\/wp-json\/wp\/v2\/media?parent=5152"}],"wp:term":[{"taxonomy":"category","embeddable":true,"href":"https:\/\/lalupa24.com.ar\/index.php\/wp-json\/wp\/v2\/categories?post=5152"},{"taxonomy":"post_tag","embeddable":true,"href":"https:\/\/lalupa24.com.ar\/index.php\/wp-json\/wp\/v2\/tags?post=5152"}],"curies":[{"name":"wp","href":"https:\/\/api.w.org\/{rel}","templated":true}]}}