{"id":5175,"date":"2025-03-15T23:44:19","date_gmt":"2025-03-16T02:44:19","guid":{"rendered":"https:\/\/lalupa24.com.ar\/?p=5175"},"modified":"2025-03-25T23:46:03","modified_gmt":"2025-03-26T02:46:03","slug":"red-aprende-educacion-fortalecera-el-liderazgo-de-los-equipos-directivos-de-las-escuelas-secundarias","status":"publish","type":"post","link":"https:\/\/lalupa24.com.ar\/index.php\/2025\/03\/15\/red-aprende-educacion-fortalecera-el-liderazgo-de-los-equipos-directivos-de-las-escuelas-secundarias\/","title":{"rendered":"Red aprende educaci\u00f3n fortalecer\u00e1 el liderazgo de los equipos directivos de las escuelas secundarias"},"content":{"rendered":"\n<p><\/p>\n\n\n\n<p><em>Esta semana se desarrollar\u00e1 de manera presencial la propuesta de formaci\u00f3n docente a cargo de la Fundaci\u00f3n Varkey que busca fortalecer el liderazgo en los equipos de gesti\u00f3n de las escuelas secundarias. Esta capacitaci\u00f3n se desarrollar\u00e1, de manera gratuita, durante el a\u00f1o con encuentros sincr\u00f3nicos y asincr\u00f3nicos en el marco del programa de Red Aprende.<\/em><\/p>\n\n\n\n<p>En el marco del Programa de Formaci\u00f3n Docente Contin\u00faa Gratuita y en Servicio \u201cRed Aprende\u201d, que lleva adelante el Ministerio de Educaci\u00f3n de Chaco, con nuevas propuesta para el presente ciclo lectivo, se inici\u00f3 el Curso \u201cLiderazgo e Innovaci\u00f3n Educativa\u201d destinado a supervisores, equipos directivos y de docentes de 200 escuelas secundarias de toda la provincia.<br>Esta formaci\u00f3n est\u00e1 a cargo del equipo de la Fundaci\u00f3n Varkey Argentina Global Teacher Prize, y tiene como objetivo principal trabajar sobre el capital profesional de directivos y docentes, buscando potenciar sus capacidades para el trabajo en colaboraci\u00f3n, la pr\u00e1ctica reflexiva y el desarrollo de un liderazgo virtuoso y competente, que a su vez impacte favorablemente en los aprendizajes de los alumnos y en la revalorizaci\u00f3n del rol docente.<br>Esta capacitaci\u00f3n que busca fortalecer los equipos de gesti\u00f3n de las instituciones escolares, tendr\u00e1 su primer encuentro presencial durante esta semana, el lunes 17 y martes 18 de marzo, en el Centro Cultural Municipal, de Presidencia Roque S\u00e1enz Pe\u00f1a para los docentes de la zona centro y norte de la provincia; y el mi\u00e9rcoles 19 y jueves 20 de este mes, se har\u00e1 en el Centro de Educaci\u00f3n F\u00edsica (CEF) N\u00ba 1 de Resistencia, para los del \u00c1rea Metropolitana y de las localidades del noreste de la provincia.<br>Previamente se hizo un encuentro sincr\u00f3nico de nivelaci\u00f3n tecnol\u00f3gica.<\/p>\n\n\n\n<p><em>APRENDER SOBRE LIDERAZGO<\/em><br>El mi\u00e9rcoles pasado la ministra de Educaci\u00f3n, Sofia Naidenoff, por medio de un encuentro virtual se reuni\u00f3 con el equipo pedag\u00f3gico de la Fundaci\u00f3n Varkey para realizar la presentaci\u00f3n formal de esta capacitaci\u00f3n coordinando los detalles.<br>En la oportunidad, la ministra Naidenoff, junto a los integrantes de su gabinete, expres\u00f3: \u201cQueremos aprender de lo que est\u00e1 funcionando, acercar a los docentes y, mediante ellos a la escuela, un liderazgo que responda a las necesidades actuales\u201d, manifestando que la primera cohorte se har\u00e1 con los equipos directivos de 200 escuelas secundarias de la provincia, en principio, a los efectos que sean agentes multiplicadores en las instituciones.<br>Por su parte, el director Regional de Latinoam\u00e9rica la fundaci\u00f3n, Agust\u00edn Porres destac\u00f3: \u201cPor primera vez estaremos en la provincia potenciando la formaci\u00f3n de todos los docentes, directores y supervisores de las escuelas secundarias\u201d, explicando que el programa de Liderazgo e Innovaci\u00f3n Educativa trabaja en relaci\u00f3n a la colaboraci\u00f3n, la pr\u00e1ctica reflexiva y el desarrollo de un liderazgo virtuoso y competente.<br>En esta primera instancia se desarrolla el curso con una sola cohorte con encuentros sincr\u00f3nicos y presenciales, a partir de la selecci\u00f3n de 200 escuelas secundarias, lo que representa un total de 400 directivos y docentes.<\/p>\n\n\n\n<p><em>LA FUNDACI\u00d3N VARKEY<\/em><br>La Fundaci\u00f3n Varkey es una organizaci\u00f3n internacional establecida para mejorar los est\u00e1ndares de educaci\u00f3n en todo el mundo. Su misi\u00f3n es que cada ni\u00f1o tenga un gran maestro. Trabajan para desarrollar las competencias de los docentes y celebran sus esfuerzos para que sean reconocidos mundialmente.<br>Desde el 2016, la Fundaci\u00f3n Varkey Argentina cuenta con programas educativos de excelencia, caracterizados por su impacto y sustento en la evidencia.<br>Los miembros de la Fundaci\u00f3n creen firmemente en la sinergia entre los referentes del ecosistema educativo como base de una propuesta que realmente busca la transformaci\u00f3n de las instituciones con las que trabajan. Para garantizar el m\u00e1ximo rendimiento de los proyectos se apoyan en referentes locales que les permiten contextualizar adecuadamente los programas a la realidad educativa donde se implementan, as\u00ed como tambi\u00e9n articulan con las autoridades pertinentes y otras organizaciones de la comunidad.<\/p>\n","protected":false},"excerpt":{"rendered":"<p>Esta semana se desarrollar\u00e1 de manera presencial la propuesta de formaci\u00f3n docente a cargo de la Fundaci\u00f3n Varkey que busca fortalecer el liderazgo en los equipos de gesti\u00f3n de las escuelas secundarias. Esta capacitaci\u00f3n se desarrollar\u00e1, de manera gratuita, durante el a\u00f1o con encuentros sincr\u00f3nicos y asincr\u00f3nicos en el marco del programa de Red Aprende. [&hellip;]<\/p>\n","protected":false},"author":2,"featured_media":5176,"comment_status":"open","ping_status":"open","sticky":false,"template":"","format":"standard","meta":{"footnotes":""},"categories":[28],"tags":[],"class_list":{"0":"post-5175","1":"post","2":"type-post","3":"status-publish","4":"format-standard","5":"has-post-thumbnail","7":"category-locales"},"aioseo_notices":[],"_links":{"self":[{"href":"https:\/\/lalupa24.com.ar\/index.php\/wp-json\/wp\/v2\/posts\/5175","targetHints":{"allow":["GET"]}}],"collection":[{"href":"https:\/\/lalupa24.com.ar\/index.php\/wp-json\/wp\/v2\/posts"}],"about":[{"href":"https:\/\/lalupa24.com.ar\/index.php\/wp-json\/wp\/v2\/types\/post"}],"author":[{"embeddable":true,"href":"https:\/\/lalupa24.com.ar\/index.php\/wp-json\/wp\/v2\/users\/2"}],"replies":[{"embeddable":true,"href":"https:\/\/lalupa24.com.ar\/index.php\/wp-json\/wp\/v2\/comments?post=5175"}],"version-history":[{"count":1,"href":"https:\/\/lalupa24.com.ar\/index.php\/wp-json\/wp\/v2\/posts\/5175\/revisions"}],"predecessor-version":[{"id":5177,"href":"https:\/\/lalupa24.com.ar\/index.php\/wp-json\/wp\/v2\/posts\/5175\/revisions\/5177"}],"wp:featuredmedia":[{"embeddable":true,"href":"https:\/\/lalupa24.com.ar\/index.php\/wp-json\/wp\/v2\/media\/5176"}],"wp:attachment":[{"href":"https:\/\/lalupa24.com.ar\/index.php\/wp-json\/wp\/v2\/media?parent=5175"}],"wp:term":[{"taxonomy":"category","embeddable":true,"href":"https:\/\/lalupa24.com.ar\/index.php\/wp-json\/wp\/v2\/categories?post=5175"},{"taxonomy":"post_tag","embeddable":true,"href":"https:\/\/lalupa24.com.ar\/index.php\/wp-json\/wp\/v2\/tags?post=5175"}],"curies":[{"name":"wp","href":"https:\/\/api.w.org\/{rel}","templated":true}]}}