{"id":5189,"date":"2025-03-26T15:26:39","date_gmt":"2025-03-26T18:26:39","guid":{"rendered":"https:\/\/lalupa24.com.ar\/?p=5189"},"modified":"2025-03-26T15:26:41","modified_gmt":"2025-03-26T18:26:41","slug":"zdero-anuncio-la-incorporacion-del-intendente-de-la-verde-federico-peon-a-chaco-puede","status":"publish","type":"post","link":"https:\/\/lalupa24.com.ar\/index.php\/2025\/03\/26\/zdero-anuncio-la-incorporacion-del-intendente-de-la-verde-federico-peon-a-chaco-puede\/","title":{"rendered":"Zdero anunci\u00f3 la incorporaci\u00f3n del intendente de la verde, Federico Pe\u00f3n a \u201cChaco puede\u201d"},"content":{"rendered":"\n<p><\/p>\n\n\n\n<p><em>El gobernador, Leandro Zdero, anunci\u00f3 hoy, en conferencia de prensa, una importante alianza pol\u00edtica de cara a las elecciones legislativas del pr\u00f3ximo 11 de mayo. El primer mandatario provincial le dio la bienvenida a Chaco Puede al intendente de La Verde, Federico Pe\u00f3n, quien hab\u00eda ganado las elecciones en dicha localidad de la mano de un frente vecinal vinculado al Frente Integrador.<\/em><\/p>\n\n\n\n<p>El Gobernador se\u00f1al\u00f3 la importancia de sumar fuerzas para \u201cconsolidar un proyecto que apuesta a la transparencia, el orden y el desarrollo de la provincia. Queremos un Chaco con seguridad, educaci\u00f3n, salud y trabajo, ordenando tanto hacia adentro como hacia afuera para garantizar un horizonte certero&#8221;, resalt\u00f3.<br>\u201c\u00c9l -por Federico Pe\u00f3n- y su equipo conf\u00edan en esta posibilidad de cambio, de orden y de un presente y futuro mejor para los chaque\u00f1os&#8221;, afirm\u00f3 Zdero y agreg\u00f3: \u201cNo podemos volver con las mismas caras de siempre, con quienes gobernaron a\u00f1os y llevaron a la provincia al fracaso. Nuestra lista es ejemplar y est\u00e1 conformada por personas con experiencia, juventud y compromiso\u201d.<br>\u201cNuestra lista expresa lo que estamos haciendo, el orden, los que tienen coraje y los que quieren aportar a la Legislatura. Del otro lado, lo que hay es repetir lo viejo, repetir el fracaso y el atraso\u201d, concluy\u00f3 el jefe del Ejecutivo provincial.<\/p>\n\n\n\n<p><em>INTENDENTE FEDERICO PE\u00d3N: \u201cESTA ALIANZA MARCAR\u00c1 UN ANTES Y UN DESP\u00daES EN LA VERDE\u201d<\/em><\/p>\n\n\n\n<p>El intendente de La Verde, Federico Pe\u00f3n, le agradeci\u00f3 al gobernador Zdero por recibirlo en el frente Chaco Puede e hizo foco en las coincidencias en la forma de gobernar.<br>\u201cEsta coincidencia que tuvimos, estas similitudes en la forma de gobernar fue lo que me hizo a m\u00ed trabajar de esta forma con el Gobernador. Agradezco la humildad y la apertura que tuvo \u00e9l para conmigo desde un principio. Tambi\u00e9n es un espacio que nos hemos ganado nosotros, los que hoy estamos gobernando La Verde en base al trabajo, la responsabilidad y en todo lo que conlleva gobernar\u201d, destac\u00f3 P\u00e9on.<br>Para finalizar, asegur\u00f3: \u201cEsta alianza marcar\u00e1 un antes y un despu\u00e9s en La Verde, significa obras para nuestra gente, bienestar y quiero decir que nosotros vamos a trabajar codo a codo, brindarle la gobernabilidad que \u00e9l -por Zdero- se lo merece. Desde mi lugar trabajar\u00e9 para que cada verde\u00f1o tenga una mejor calidad de vida\u201d.<\/p>\n","protected":false},"excerpt":{"rendered":"<p>El gobernador, Leandro Zdero, anunci\u00f3 hoy, en conferencia de prensa, una importante alianza pol\u00edtica de cara a las elecciones legislativas del pr\u00f3ximo 11 de mayo. El primer mandatario provincial le dio la bienvenida a Chaco Puede al intendente de La Verde, Federico Pe\u00f3n, quien hab\u00eda ganado las elecciones en dicha localidad de la mano de [&hellip;]<\/p>\n","protected":false},"author":2,"featured_media":5190,"comment_status":"open","ping_status":"open","sticky":false,"template":"","format":"standard","meta":{"footnotes":""},"categories":[27],"tags":[],"class_list":{"0":"post-5189","1":"post","2":"type-post","3":"status-publish","4":"format-standard","5":"has-post-thumbnail","7":"category-interior"},"aioseo_notices":[],"_links":{"self":[{"href":"https:\/\/lalupa24.com.ar\/index.php\/wp-json\/wp\/v2\/posts\/5189","targetHints":{"allow":["GET"]}}],"collection":[{"href":"https:\/\/lalupa24.com.ar\/index.php\/wp-json\/wp\/v2\/posts"}],"about":[{"href":"https:\/\/lalupa24.com.ar\/index.php\/wp-json\/wp\/v2\/types\/post"}],"author":[{"embeddable":true,"href":"https:\/\/lalupa24.com.ar\/index.php\/wp-json\/wp\/v2\/users\/2"}],"replies":[{"embeddable":true,"href":"https:\/\/lalupa24.com.ar\/index.php\/wp-json\/wp\/v2\/comments?post=5189"}],"version-history":[{"count":1,"href":"https:\/\/lalupa24.com.ar\/index.php\/wp-json\/wp\/v2\/posts\/5189\/revisions"}],"predecessor-version":[{"id":5191,"href":"https:\/\/lalupa24.com.ar\/index.php\/wp-json\/wp\/v2\/posts\/5189\/revisions\/5191"}],"wp:featuredmedia":[{"embeddable":true,"href":"https:\/\/lalupa24.com.ar\/index.php\/wp-json\/wp\/v2\/media\/5190"}],"wp:attachment":[{"href":"https:\/\/lalupa24.com.ar\/index.php\/wp-json\/wp\/v2\/media?parent=5189"}],"wp:term":[{"taxonomy":"category","embeddable":true,"href":"https:\/\/lalupa24.com.ar\/index.php\/wp-json\/wp\/v2\/categories?post=5189"},{"taxonomy":"post_tag","embeddable":true,"href":"https:\/\/lalupa24.com.ar\/index.php\/wp-json\/wp\/v2\/tags?post=5189"}],"curies":[{"name":"wp","href":"https:\/\/api.w.org\/{rel}","templated":true}]}}