{"id":520,"date":"2024-02-28T13:17:00","date_gmt":"2024-02-28T16:17:00","guid":{"rendered":"https:\/\/lalupa24.com.ar\/?p=520"},"modified":"2024-03-11T13:21:12","modified_gmt":"2024-03-11T16:21:12","slug":"un-noble-legado-de-suenos-y-crecimiento-que-comenzo-hace-112-anos","status":"publish","type":"post","link":"https:\/\/lalupa24.com.ar\/index.php\/2024\/02\/28\/un-noble-legado-de-suenos-y-crecimiento-que-comenzo-hace-112-anos\/","title":{"rendered":"Un noble legado de sue\u00f1os y crecimiento que comenz\u00f3 hace 112 a\u00f1os."},"content":{"rendered":"\n<h2 class=\"wp-block-heading\">Por Germ\u00e1n Oestmann<\/h2>\n\n\n\n<p>La llegada de un nuevo aniversario de la fundaci\u00f3n de Presidencia Roque S\u00e1enz Pe\u00f1a despierta en nuestros corazones los anhelos m\u00e1s profundos de crecimiento, justicia y desarrollo para nuestra ciudad. Conmemorar y celebrar junto a nuestro pueblo el recuerdo de tantas generaciones de inmigrantes y pioneros nos brinda la posibilidad de reconocernos como depositarios de un destino colectivo. Durante estos 112 a\u00f1os S\u00e1enz Pe\u00f1a ha reafirmado su compromiso productivo y agroindustrial para lograr una mejor calidad de vida para todos sus habitantes. Sus instituciones se han mantenido s\u00f3lidas y comprometidas con el progreso y el bienestar de la comunidad a lo largo del tiempo posibilitando una coexistencia pac\u00edfica en donde el respeto a las costumbres y el pluralismo cultural y religioso han representado un signo distintivo.<\/p>\n\n\n\n<p>Luego de transitar una rica historia, cargada de episodios llenos de esplendor pero tambi\u00e9n siendo testigos de numerosas etapas de luchas y sacrificios, nos toca a nosotros continuar enarbolando las banderas del desarrollo, la educaci\u00f3n y el trabajo que siempre han formado parte de nuestra realidad cotidiana. Pensamos que existen las condiciones para que esta ciudad moderna y pujante siga manteni\u00e9ndose a la vanguardia del crecimiento del Norte Grande de nuestra Naci\u00f3n.<\/p>\n\n\n\n<p>Nuestra ubicaci\u00f3n estrat\u00e9gica en el centro de la provincia junto a la misi\u00f3n trascendental que debemos cumplir en el desarrollo sustentable de nuestra regi\u00f3n implica un compromiso con nuestros j\u00f3venes para avanzar en el cuidado del medio ambiente transmitiendo una perspectiva integral y humanista. Nuestro papel como nodo fundamental del corredor bioce\u00e1nico y la dimensi\u00f3n cuantitativa que tenemos al ser la segunda ciudad en n\u00famero de poblaci\u00f3n en el Chaco nos introducen en las puertas de un enorme desaf\u00edo colectivo.<\/p>\n\n\n\n<p>Siempre es importante recordar los inicios hist\u00f3ricos de Presidencia Roque como una ofrenda de unidad y templanza para las generaciones futuras. El camino se inici\u00f3 con la construcci\u00f3n del ferrocarril que se encargaba de unir la localidad de Barranqueras con Met\u00e1n, solicitud que fue encomendada al Teniente General Pedro Amarante, quien al mismo tiempo recibi\u00f3 la tarea de avanzar en la ubicaci\u00f3n de terrenos aptos para la instalaci\u00f3n de una colonia agr\u00edcola cerca del kil\u00f3metro 120 del trazado de las v\u00edas. Sin embargo, el Teniente Coronel Carlos Fern\u00e1ndez fue el encargado de asegurar que la zona deber\u00eda estar ubicada cerca del kil\u00f3metro 173 bas\u00e1ndose en losestudios y an\u00e1lisis del Ingeniero Antonio Schultz. De esta forma, en el sector norte de las l\u00edneas f\u00e9rreas se logr\u00f3 realizar el trazado de las 100 primeras manzanas. Es interesante destacar que cada solar pose\u00eda alrededor de un cuarto de manzana, vendi\u00e9ndose cada uno a raz\u00f3n de 10 pesos el solar reserv\u00e1ndose espacios para los edificios p\u00fablicos principales.<\/p>\n\n\n\n<p>El Comandante Fern\u00e1ndez tuvo el enorme honor de entregarles su primer t\u00edtulo de propiedad a los primeros pobladores, siendo los pioneros, en su gran mayor\u00eda inmigrantes espa\u00f1oles procedentes de Resistencia. Este acontecimiento hist\u00f3rico, de gran relevancia cultural y simb\u00f3lica tuvo lugar el 1\u00b0de marzo de 1912, fecha en que se recuerda la fundaci\u00f3n de nuestra ciudad. Luego de abandonar la denominaci\u00f3n \u201cKm 173\u201d el poblado pas\u00f3 a llamarse Presidencia Roque S\u00e1enz Pe\u00f1a.<\/p>\n\n\n\n<p>Estos 112 a\u00f1os nos deben encontrar juntos y unidos para avanzar hacia un camino de grandeza y crecimiento. Para esta tarea gigantesca no debemos dejar de rescatar el aporte extraordinario que ha realizado la Universidad Nacional del Chaco Austral teniendo en la actualidad m\u00e1s de 56.000 alumnos entre presenciales y virtuales luego de su creaci\u00f3n en el a\u00f1o 2007 para apuntalar un horizonte en donde la educaci\u00f3n y los valores democr\u00e1ticos junto a la ciencia y la tecnolog\u00eda nos permitan caminar juntos hacia una sociedad sin exclusiones de ninguna naturaleza. Nuestra Universidad es sin\u00f3nimo de esperanza y formaci\u00f3n profesional para todos los j\u00f3venes provenientes de los diversos rincones de la inmensa geograf\u00eda de nuestra Provincia.<\/p>\n\n\n\n<p>Nos hemos convertido definitivamente en una ciudad universitaria y de servicios con una gran riqueza industrial y cultural. Desde el interior profundo de nuestro esp\u00edritu aguerrido y pujante realizamos una proclama de paz hacia todos los pueblos del Norte grande para invitarlos a forjar un destino en com\u00fan junto a los m\u00e1s sagrados principios de federalismo y dignidad de los pueblos.<\/p>\n\n\n\n<p>Debemos abrazar todas las tradiciones pluriling\u00fces, multiculturales y plurireligiosas. Tenemos que rescatar el legado de nuestras comunidades originarias junto al de nuestras colectividades para honrar el esfuerzo y el tes\u00f3n prodigados para el progreso de nuestra comunidad.<\/p>\n\n\n\n<p>Nuestra identidad nos impulsa a sentirnos orgullosos por el sentido de pertenencia a una comunidad que siempre ha tenido al cultivo del algod\u00f3n y a la riqueza de sus aguas termales como sus emblemas principales, pero principalmente por nuestro profundo amor al pueblo saenzpe\u00f1ense.<\/p>\n\n\n\n<p>Destacamos con enorme relevancia s\u00edmbolos de crecimiento como el Parque Industrial , el Hotel Gualok, el Complejo Termal, la Casa Cruz, el Museo Municipal, el Mural del Centenario, la estaci\u00f3n experimental del Inta, el Aeropuerto y por sobre todas las cosas , nuestra emblem\u00e1tica Universidad Nacional del Chaco Austral, un faro de referencia para el crecimiento y la democratizaci\u00f3n de saberes en el coraz\u00f3n del Norte Grande. En este nuevo aniversario de la fundaci\u00f3n de Presidencia Roque S\u00e1enz Pe\u00f1a, desde la Universidad Nacional del Chaco Austral elevamos nuestros m\u00e1s sinceros deseos de crecimiento, justicia y paz para nuestra comunidad junto al compromiso inquebrantable de continuar la lucha para que nuestros hermanos m\u00e1s humildes puedan ver realizados sus sue\u00f1os en esta tierra que los cobija y los abraza junto a la mirada atenta de sus primeros fundadores desde el fondo de la historia. Salud, Presidencia Roque S\u00e1enz Pe\u00f1a.<\/p>\n","protected":false},"excerpt":{"rendered":"<p>Por Germ\u00e1n Oestmann La llegada de un nuevo aniversario de la fundaci\u00f3n de Presidencia Roque S\u00e1enz Pe\u00f1a despierta en nuestros corazones los anhelos m\u00e1s profundos de crecimiento, justicia y desarrollo para nuestra ciudad. Conmemorar y celebrar junto a nuestro pueblo el recuerdo de tantas generaciones de inmigrantes y pioneros nos brinda la posibilidad de reconocernos [&hellip;]<\/p>\n","protected":false},"author":2,"featured_media":521,"comment_status":"open","ping_status":"open","sticky":false,"template":"","format":"standard","meta":{"footnotes":""},"categories":[27],"tags":[],"class_list":{"0":"post-520","1":"post","2":"type-post","3":"status-publish","4":"format-standard","5":"has-post-thumbnail","7":"category-interior"},"aioseo_notices":[],"_links":{"self":[{"href":"https:\/\/lalupa24.com.ar\/index.php\/wp-json\/wp\/v2\/posts\/520","targetHints":{"allow":["GET"]}}],"collection":[{"href":"https:\/\/lalupa24.com.ar\/index.php\/wp-json\/wp\/v2\/posts"}],"about":[{"href":"https:\/\/lalupa24.com.ar\/index.php\/wp-json\/wp\/v2\/types\/post"}],"author":[{"embeddable":true,"href":"https:\/\/lalupa24.com.ar\/index.php\/wp-json\/wp\/v2\/users\/2"}],"replies":[{"embeddable":true,"href":"https:\/\/lalupa24.com.ar\/index.php\/wp-json\/wp\/v2\/comments?post=520"}],"version-history":[{"count":1,"href":"https:\/\/lalupa24.com.ar\/index.php\/wp-json\/wp\/v2\/posts\/520\/revisions"}],"predecessor-version":[{"id":522,"href":"https:\/\/lalupa24.com.ar\/index.php\/wp-json\/wp\/v2\/posts\/520\/revisions\/522"}],"wp:featuredmedia":[{"embeddable":true,"href":"https:\/\/lalupa24.com.ar\/index.php\/wp-json\/wp\/v2\/media\/521"}],"wp:attachment":[{"href":"https:\/\/lalupa24.com.ar\/index.php\/wp-json\/wp\/v2\/media?parent=520"}],"wp:term":[{"taxonomy":"category","embeddable":true,"href":"https:\/\/lalupa24.com.ar\/index.php\/wp-json\/wp\/v2\/categories?post=520"},{"taxonomy":"post_tag","embeddable":true,"href":"https:\/\/lalupa24.com.ar\/index.php\/wp-json\/wp\/v2\/tags?post=520"}],"curies":[{"name":"wp","href":"https:\/\/api.w.org\/{rel}","templated":true}]}}