{"id":5210,"date":"2025-03-26T21:07:07","date_gmt":"2025-03-27T00:07:07","guid":{"rendered":"https:\/\/lalupa24.com.ar\/?p=5210"},"modified":"2025-03-26T21:07:07","modified_gmt":"2025-03-27T00:07:07","slug":"una-nina-fue-gaseada-por-prefectura-naval-en-la-marcha-de-jubilados-al-congreso","status":"publish","type":"post","link":"https:\/\/lalupa24.com.ar\/index.php\/2025\/03\/26\/una-nina-fue-gaseada-por-prefectura-naval-en-la-marcha-de-jubilados-al-congreso\/","title":{"rendered":"Una ni\u00f1a fue gaseada por Prefectura Naval en la marcha de jubilados al Congreso"},"content":{"rendered":"\n<p>El hecho se produjo en medio de una serie de incidentes y forcejeos que se registraron durante la movilizaci\u00f3n al parlamento.<\/p>\n\n\n\n<p>Una ni\u00f1a fue gaseada hoy con gas pimienta como consecuencia de la represi\u00f3n policial por parte de efectivos de Prefectura Naval Argentina (PNA) durante una nueva marcha de jubilados y organizaciones pol\u00edticas al Congreso.<\/p>\n\n\n\n<p>El hecho se produjo en medio de una serie de incidentes y forcejeos que se registraron este mi\u00e9rcoles en las inmediaciones del parlamento, donde la Polic\u00eda aplic\u00f3 el protocolo antipiquetes para garantizar la circulaci\u00f3n de tr\u00e1nsito.<\/p>\n\n\n\n<p>Como consecuencia de la represi\u00f3n, varios manifestantes y jubilados resultaron heridos por la aplicaci\u00f3n de gas pimienta por parte de efectivos de la Prefectura.<\/p>\n\n\n\n<p>En tanto, un efectivo de la Polic\u00eda Federal golpe\u00f3 esta tarde a un fot\u00f3grafo con su motocicleta en medio de los incidentes que se registraron en la movilizaci\u00f3n al Congreso<\/p>\n","protected":false},"excerpt":{"rendered":"<p>El hecho se produjo en medio de una serie de incidentes y forcejeos que se registraron durante la movilizaci\u00f3n al parlamento. Una ni\u00f1a fue gaseada hoy con gas pimienta como consecuencia de la represi\u00f3n policial por parte de efectivos de Prefectura Naval Argentina (PNA) durante una nueva marcha de jubilados y organizaciones pol\u00edticas al Congreso. [&hellip;]<\/p>\n","protected":false},"author":11,"featured_media":5211,"comment_status":"open","ping_status":"open","sticky":false,"template":"","format":"standard","meta":{"footnotes":""},"categories":[26],"tags":[],"class_list":{"0":"post-5210","1":"post","2":"type-post","3":"status-publish","4":"format-standard","5":"has-post-thumbnail","7":"category-nacionales"},"aioseo_notices":[],"_links":{"self":[{"href":"https:\/\/lalupa24.com.ar\/index.php\/wp-json\/wp\/v2\/posts\/5210","targetHints":{"allow":["GET"]}}],"collection":[{"href":"https:\/\/lalupa24.com.ar\/index.php\/wp-json\/wp\/v2\/posts"}],"about":[{"href":"https:\/\/lalupa24.com.ar\/index.php\/wp-json\/wp\/v2\/types\/post"}],"author":[{"embeddable":true,"href":"https:\/\/lalupa24.com.ar\/index.php\/wp-json\/wp\/v2\/users\/11"}],"replies":[{"embeddable":true,"href":"https:\/\/lalupa24.com.ar\/index.php\/wp-json\/wp\/v2\/comments?post=5210"}],"version-history":[{"count":1,"href":"https:\/\/lalupa24.com.ar\/index.php\/wp-json\/wp\/v2\/posts\/5210\/revisions"}],"predecessor-version":[{"id":5212,"href":"https:\/\/lalupa24.com.ar\/index.php\/wp-json\/wp\/v2\/posts\/5210\/revisions\/5212"}],"wp:featuredmedia":[{"embeddable":true,"href":"https:\/\/lalupa24.com.ar\/index.php\/wp-json\/wp\/v2\/media\/5211"}],"wp:attachment":[{"href":"https:\/\/lalupa24.com.ar\/index.php\/wp-json\/wp\/v2\/media?parent=5210"}],"wp:term":[{"taxonomy":"category","embeddable":true,"href":"https:\/\/lalupa24.com.ar\/index.php\/wp-json\/wp\/v2\/categories?post=5210"},{"taxonomy":"post_tag","embeddable":true,"href":"https:\/\/lalupa24.com.ar\/index.php\/wp-json\/wp\/v2\/tags?post=5210"}],"curies":[{"name":"wp","href":"https:\/\/api.w.org\/{rel}","templated":true}]}}