{"id":5213,"date":"2025-03-26T21:21:19","date_gmt":"2025-03-27T00:21:19","guid":{"rendered":"https:\/\/lalupa24.com.ar\/?p=5213"},"modified":"2025-03-26T21:21:20","modified_gmt":"2025-03-27T00:21:20","slug":"el-pro-exige-a-kicillof-que-defina-el-calendario-electoral-en-buenos-aires","status":"publish","type":"post","link":"https:\/\/lalupa24.com.ar\/index.php\/2025\/03\/26\/el-pro-exige-a-kicillof-que-defina-el-calendario-electoral-en-buenos-aires\/","title":{"rendered":"El Pro exige a Kicillof que defina el calendario electoral en Buenos Aires"},"content":{"rendered":"\n<p>El partido opositor reclam\u00f3 al gobernador que deje de lado sus disputas internas con el kirchnerismo y el massismo y establezca una fecha clara para los comicios provinciales.<\/p>\n\n\n\n<p>El Pro bonaerense volvi\u00f3 a presionar este mi\u00e9rcoles al gobernador Axel Kicillof para que defina la fecha de las elecciones en la provincia de Buenos Aires y deje de lado sus diferencias con Cristina Kirchner y Sergio Massa. La incertidumbre sobre si los comicios se har\u00e1n en simult\u00e1neo con los nacionales o por separado sigue sin resolverse.<\/p>\n\n\n\n<p>\u201cEs momento de que priorice las necesidades de los bonaerenses por sobre las peleas internas con sus socios pol\u00edticos\u201d, sostuvo el Pro en un comunicado. Desde el partido, encabezado en la provincia por el diputado nacional Cristian Ritondo, tambi\u00e9n cuestionaron la falta de acuerdo dentro del peronismo sobre la suspensi\u00f3n de las PASO y el cronograma electoral.<\/p>\n\n\n\n<p>En el texto, el macrismo insisti\u00f3 en la necesidad de \u201ctransparencia y austeridad\u201d en la gesti\u00f3n provincial y reclam\u00f3 que Kicillof colabore con los municipios en la dif\u00edcil situaci\u00f3n econ\u00f3mica. Adem\u00e1s, se\u00f1al\u00f3 que eliminar las PASO permitir\u00eda un ahorro significativo en un contexto de crisis fiscal.<\/p>\n\n\n\n<p>La semana pasada, el Pro, junto a legisladores de La Libertad Avanza y un grupo de diputados alineados con el gobernador, intent\u00f3 impulsar una sesi\u00f3n especial para tratar la suspensi\u00f3n de las PASO, pero no logr\u00f3 el qu\u00f3rum necesario.<\/p>\n\n\n\n<p>\u201cKicillof tiene el deber de garantizar un proceso electoral transparente y previsible\u201d, advirti\u00f3 el Pro, que exigi\u00f3 un cronograma electoral definido para que los bonaerenses puedan elegir a sus representantes \u201ccon claridad y certeza\u201d. Y concluy\u00f3 con un mensaje directo al gobernador: \u201cFue elegido para gobernar, y es hora de que asuma esa responsabilidad con hechos concretos\u201d.<\/p>\n","protected":false},"excerpt":{"rendered":"<p>El partido opositor reclam\u00f3 al gobernador que deje de lado sus disputas internas con el kirchnerismo y el massismo y establezca una fecha clara para los comicios provinciales. El Pro bonaerense volvi\u00f3 a presionar este mi\u00e9rcoles al gobernador Axel Kicillof para que defina la fecha de las elecciones en la provincia de Buenos Aires y [&hellip;]<\/p>\n","protected":false},"author":11,"featured_media":5214,"comment_status":"open","ping_status":"open","sticky":false,"template":"","format":"standard","meta":{"footnotes":""},"categories":[26],"tags":[],"class_list":{"0":"post-5213","1":"post","2":"type-post","3":"status-publish","4":"format-standard","5":"has-post-thumbnail","7":"category-nacionales"},"aioseo_notices":[],"_links":{"self":[{"href":"https:\/\/lalupa24.com.ar\/index.php\/wp-json\/wp\/v2\/posts\/5213","targetHints":{"allow":["GET"]}}],"collection":[{"href":"https:\/\/lalupa24.com.ar\/index.php\/wp-json\/wp\/v2\/posts"}],"about":[{"href":"https:\/\/lalupa24.com.ar\/index.php\/wp-json\/wp\/v2\/types\/post"}],"author":[{"embeddable":true,"href":"https:\/\/lalupa24.com.ar\/index.php\/wp-json\/wp\/v2\/users\/11"}],"replies":[{"embeddable":true,"href":"https:\/\/lalupa24.com.ar\/index.php\/wp-json\/wp\/v2\/comments?post=5213"}],"version-history":[{"count":1,"href":"https:\/\/lalupa24.com.ar\/index.php\/wp-json\/wp\/v2\/posts\/5213\/revisions"}],"predecessor-version":[{"id":5215,"href":"https:\/\/lalupa24.com.ar\/index.php\/wp-json\/wp\/v2\/posts\/5213\/revisions\/5215"}],"wp:featuredmedia":[{"embeddable":true,"href":"https:\/\/lalupa24.com.ar\/index.php\/wp-json\/wp\/v2\/media\/5214"}],"wp:attachment":[{"href":"https:\/\/lalupa24.com.ar\/index.php\/wp-json\/wp\/v2\/media?parent=5213"}],"wp:term":[{"taxonomy":"category","embeddable":true,"href":"https:\/\/lalupa24.com.ar\/index.php\/wp-json\/wp\/v2\/categories?post=5213"},{"taxonomy":"post_tag","embeddable":true,"href":"https:\/\/lalupa24.com.ar\/index.php\/wp-json\/wp\/v2\/tags?post=5213"}],"curies":[{"name":"wp","href":"https:\/\/api.w.org\/{rel}","templated":true}]}}