{"id":5229,"date":"2025-03-29T16:33:19","date_gmt":"2025-03-29T19:33:19","guid":{"rendered":"https:\/\/lalupa24.com.ar\/?p=5229"},"modified":"2025-03-29T16:33:21","modified_gmt":"2025-03-29T19:33:21","slug":"la-municipalidad-avanza-en-mensura-del-barrio-santa-lucia","status":"publish","type":"post","link":"https:\/\/lalupa24.com.ar\/index.php\/2025\/03\/29\/la-municipalidad-avanza-en-mensura-del-barrio-santa-lucia\/","title":{"rendered":"La municipalidad avanza en mensura del barrio Santa Lucia"},"content":{"rendered":"\n<p><\/p>\n\n\n\n<p>T\u00e9cnicos y funcionarios de Desarrollo Territorial realizaron este viernes la reuni\u00f3n informativa previa al inicio de las tareas. Las visitas se iniciar\u00e1n la pr\u00f3xima semana y la tarea demandar\u00e1 unos 15 d\u00edas.<\/p>\n\n\n\n<p>Con la finalidad de avanzar en la regularizaci\u00f3n dominial en un sector donde adem\u00e1s se necesita adem\u00e1s la delimitaci\u00f3n de los espacios de uso p\u00fablico y calles, la Municipalidad de Resistencia y los vecinos desafiaron a las malas condiciones del tiempo para participar del encuentro.<\/p>\n\n\n\n<p>As\u00ed lo destac\u00f3 Jer\u00f3nimo Mangini, subsecretario de Desarrollo Territorial, al se\u00f1alar: \u201cPor suerte la convocatoria fue muy positiva, los vecinos est\u00e1n con muchas ganas de que podamos realizar estos trabajos\u201d.<\/p>\n\n\n\n<p>Por su parte, Mauro Pres, agrimensor de la Municipalidad de Resistencia, agreg\u00f3: \u201cEn cuanto a lo t\u00e9cnico se informa de qu\u00e9 manera se calculan los predios que se deben mantener, las calles p\u00fablicas que se deben respetar y esas cosas\u201d.<\/p>\n\n\n\n<p>\u201cLa importancia de estas reuniones es poder determinar de qu\u00e9 manera se puede avanzar de manera conjunta, con el compromiso de los vecinos tambi\u00e9n\u201d, subray\u00f3.<\/p>\n\n\n\n<p>Los representantes comunales reafirmaron la importancia del compromiso vecinal ya que la tarea implica entrar a sus predios y que nos muestren sus inmuebles.<\/p>\n","protected":false},"excerpt":{"rendered":"<p>T\u00e9cnicos y funcionarios de Desarrollo Territorial realizaron este viernes la reuni\u00f3n informativa previa al inicio de las tareas. Las visitas se iniciar\u00e1n la pr\u00f3xima semana y la tarea demandar\u00e1 unos 15 d\u00edas. Con la finalidad de avanzar en la regularizaci\u00f3n dominial en un sector donde adem\u00e1s se necesita adem\u00e1s la delimitaci\u00f3n de los espacios de [&hellip;]<\/p>\n","protected":false},"author":2,"featured_media":5230,"comment_status":"open","ping_status":"open","sticky":false,"template":"","format":"standard","meta":{"footnotes":""},"categories":[28],"tags":[],"class_list":{"0":"post-5229","1":"post","2":"type-post","3":"status-publish","4":"format-standard","5":"has-post-thumbnail","7":"category-locales"},"aioseo_notices":[],"_links":{"self":[{"href":"https:\/\/lalupa24.com.ar\/index.php\/wp-json\/wp\/v2\/posts\/5229","targetHints":{"allow":["GET"]}}],"collection":[{"href":"https:\/\/lalupa24.com.ar\/index.php\/wp-json\/wp\/v2\/posts"}],"about":[{"href":"https:\/\/lalupa24.com.ar\/index.php\/wp-json\/wp\/v2\/types\/post"}],"author":[{"embeddable":true,"href":"https:\/\/lalupa24.com.ar\/index.php\/wp-json\/wp\/v2\/users\/2"}],"replies":[{"embeddable":true,"href":"https:\/\/lalupa24.com.ar\/index.php\/wp-json\/wp\/v2\/comments?post=5229"}],"version-history":[{"count":1,"href":"https:\/\/lalupa24.com.ar\/index.php\/wp-json\/wp\/v2\/posts\/5229\/revisions"}],"predecessor-version":[{"id":5231,"href":"https:\/\/lalupa24.com.ar\/index.php\/wp-json\/wp\/v2\/posts\/5229\/revisions\/5231"}],"wp:featuredmedia":[{"embeddable":true,"href":"https:\/\/lalupa24.com.ar\/index.php\/wp-json\/wp\/v2\/media\/5230"}],"wp:attachment":[{"href":"https:\/\/lalupa24.com.ar\/index.php\/wp-json\/wp\/v2\/media?parent=5229"}],"wp:term":[{"taxonomy":"category","embeddable":true,"href":"https:\/\/lalupa24.com.ar\/index.php\/wp-json\/wp\/v2\/categories?post=5229"},{"taxonomy":"post_tag","embeddable":true,"href":"https:\/\/lalupa24.com.ar\/index.php\/wp-json\/wp\/v2\/tags?post=5229"}],"curies":[{"name":"wp","href":"https:\/\/api.w.org\/{rel}","templated":true}]}}