{"id":5260,"date":"2025-03-27T13:56:00","date_gmt":"2025-03-27T16:56:00","guid":{"rendered":"https:\/\/lalupa24.com.ar\/?p=5260"},"modified":"2025-04-01T01:58:13","modified_gmt":"2025-04-01T04:58:13","slug":"el-gobierno-del-chaco-avanza-en-gestiones-ante-la-nacion-por-la-emergencia-agropecuaria","status":"publish","type":"post","link":"https:\/\/lalupa24.com.ar\/index.php\/2025\/03\/27\/el-gobierno-del-chaco-avanza-en-gestiones-ante-la-nacion-por-la-emergencia-agropecuaria\/","title":{"rendered":"El gobierno del chaco avanza en gestiones ante la naci\u00f3n por la emergencia agropecuaria"},"content":{"rendered":"\n<p><\/p>\n\n\n\n<p><em>As\u00ed como lo adelant\u00f3 el gobernador Zdero, luego de la firma del decreto que declar\u00f3 la Emergencia Agropecuaria en el Chaco, funcionarios de Producci\u00f3n y Econom\u00eda realizan gestiones ante el Gobierno Nacional.<\/em><\/p>\n\n\n\n<p>La comitiva chaque\u00f1a, encabezada por el ministro de la Producci\u00f3n, Oscar Dudik; el subsecretario de Coordinaci\u00f3n de Gabinete Econ\u00f3mico, Guillermo Ag\u00fcero; el subsecretario de Coordinaci\u00f3n del Ministerio de la Producci\u00f3n, Orlando Moran y el senador V\u00edctor Zimmermann, mantuvieron reuniones este mi\u00e9rcoles con autoridades del Banco de la Naci\u00f3n Argentina, de la que participaron tambi\u00e9n, el presidente de la Sociedad Rural Argentina (SRA), Nicol\u00e1s Pino, y el Director de la SRA, Carlos Vera. Fueron recibidos por el presidente del Banco Naci\u00f3n, Daniel Tillard, y el gerente general de la instituci\u00f3n bancaria, Norberto \u00c1lvarez.<br>\u201cEstamos concretando las distintas gestiones que planific\u00f3 el Gobernador, luego de la firma del decreto de emergencia; ratificando el compromiso con el campo y siguiendo los pasos establecidos por las normas vigentes, ya que ac\u00e1 no hay atajos&#8221;, explic\u00f3 el Ministro.<br>Por otra parte, Dudik confirm\u00f3 que &#8220;ya se present\u00f3 oficialmente el pedido de homologaci\u00f3n de la emergencia agropecuaria ante la Secretar\u00eda de Agricultura de la Naci\u00f3n&#8221; y explic\u00f3 \u201ces quien debe articular los mecanismos para que el gobierno nacional lo pueda homologar&#8221;.<br>El subsecretario Moran por su parte, explic\u00f3 que &#8220;estamos concretando todas las audiencias previstas, que tienen que ver con conseguir las herramientas financieras, impositivas y crediticias para el campo chaque\u00f1o&#8221;, en el marco de la normativa nacional de emergencia y adelant\u00f3 que el pr\u00f3ximo lunes, &#8220;nos visitar\u00e1 el Gerente Regional del Banco Naci\u00f3n, para continuar con las gestiones que iniciamos esta semana&#8221;.<\/p>\n\n\n\n<p>Finalmente, el titular de la cartera productiva confirm\u00f3 que &#8220;esto es solo una parte de lo que nos encomend\u00f3 el Gobernador; nuestra agenda en Buenos Aires incluye reuniones, entre otras, con el Consejo Federal de Inversiones (CFI) y con el secretario de Agricultura, Ganader\u00eda y Pesca de la Naci\u00f3n, Sergio Iraeta, la b\u00fasqueda de herramientas que nos permitan superar las consecuencias de la sequ\u00eda&#8221;.<\/p>\n","protected":false},"excerpt":{"rendered":"<p>As\u00ed como lo adelant\u00f3 el gobernador Zdero, luego de la firma del decreto que declar\u00f3 la Emergencia Agropecuaria en el Chaco, funcionarios de Producci\u00f3n y Econom\u00eda realizan gestiones ante el Gobierno Nacional. La comitiva chaque\u00f1a, encabezada por el ministro de la Producci\u00f3n, Oscar Dudik; el subsecretario de Coordinaci\u00f3n de Gabinete Econ\u00f3mico, Guillermo Ag\u00fcero; el subsecretario [&hellip;]<\/p>\n","protected":false},"author":2,"featured_media":5261,"comment_status":"open","ping_status":"open","sticky":false,"template":"","format":"standard","meta":{"footnotes":""},"categories":[28],"tags":[],"class_list":{"0":"post-5260","1":"post","2":"type-post","3":"status-publish","4":"format-standard","5":"has-post-thumbnail","7":"category-locales"},"aioseo_notices":[],"_links":{"self":[{"href":"https:\/\/lalupa24.com.ar\/index.php\/wp-json\/wp\/v2\/posts\/5260","targetHints":{"allow":["GET"]}}],"collection":[{"href":"https:\/\/lalupa24.com.ar\/index.php\/wp-json\/wp\/v2\/posts"}],"about":[{"href":"https:\/\/lalupa24.com.ar\/index.php\/wp-json\/wp\/v2\/types\/post"}],"author":[{"embeddable":true,"href":"https:\/\/lalupa24.com.ar\/index.php\/wp-json\/wp\/v2\/users\/2"}],"replies":[{"embeddable":true,"href":"https:\/\/lalupa24.com.ar\/index.php\/wp-json\/wp\/v2\/comments?post=5260"}],"version-history":[{"count":1,"href":"https:\/\/lalupa24.com.ar\/index.php\/wp-json\/wp\/v2\/posts\/5260\/revisions"}],"predecessor-version":[{"id":5262,"href":"https:\/\/lalupa24.com.ar\/index.php\/wp-json\/wp\/v2\/posts\/5260\/revisions\/5262"}],"wp:featuredmedia":[{"embeddable":true,"href":"https:\/\/lalupa24.com.ar\/index.php\/wp-json\/wp\/v2\/media\/5261"}],"wp:attachment":[{"href":"https:\/\/lalupa24.com.ar\/index.php\/wp-json\/wp\/v2\/media?parent=5260"}],"wp:term":[{"taxonomy":"category","embeddable":true,"href":"https:\/\/lalupa24.com.ar\/index.php\/wp-json\/wp\/v2\/categories?post=5260"},{"taxonomy":"post_tag","embeddable":true,"href":"https:\/\/lalupa24.com.ar\/index.php\/wp-json\/wp\/v2\/tags?post=5260"}],"curies":[{"name":"wp","href":"https:\/\/api.w.org\/{rel}","templated":true}]}}