{"id":5263,"date":"2025-03-27T14:58:00","date_gmt":"2025-03-27T17:58:00","guid":{"rendered":"https:\/\/lalupa24.com.ar\/?p=5263"},"modified":"2025-04-01T02:00:55","modified_gmt":"2025-04-01T05:00:55","slug":"el-gobernador-inauguro-refacciones-y-mejoramientos-en-la-escuela-n16-en-las-palmas","status":"publish","type":"post","link":"https:\/\/lalupa24.com.ar\/index.php\/2025\/03\/27\/el-gobernador-inauguro-refacciones-y-mejoramientos-en-la-escuela-n16-en-las-palmas\/","title":{"rendered":"El gobernador inaugur\u00f3 refacciones y mejoramientos en la escuela N16 en Las Palmas"},"content":{"rendered":"\n<p><\/p>\n\n\n\n<p><\/p>\n\n\n\n<p><em>Las obras benefician a 395 estudiantes. Desde la escuela, reconocieron la r\u00e1pida respuesta del gobierno provincial a sus demandas.<\/em><\/p>\n\n\n\n<p>El gobernador Leandro Zdero inaugur\u00f3, este jueves en Las Palmas, las obras de refacciones de la Escuela de Educaci\u00f3n Primaria EEP N\u00ba 16 \u201cCarlos Hardy\u201d. <em>\u201cQueremos que un chico que estudia en Las Palmas tenga las mismas posibilidades de futuro que otro que lo hace en la capital chaque\u00f1a o en una escuela rural\u201d, se\u00f1al\u00f3.<\/em><br>En esa l\u00ednea remarc\u00f3 la necesidad de que la educaci\u00f3n se vincule con el mundo del trabajo y la tecnolog\u00eda. <em>\u201cTiene que haber igualdad de posibilidades de educarse, de ser libre y de estar preparado para un futuro\u201d, sostuvo el primer mandatario provincial.<\/em><br>La obra demand\u00f3 una inversi\u00f3n de $20.609.805 financiada con fondos provinciales. \u201cEstamos haciendo un esfuerzo muy grande en esta etapa para ordenar y administrar los recursos de los chaque\u00f1os, son tiempos dif\u00edciles y cada peso que se invierte tiene que impactar en una mejor educaci\u00f3n, as\u00ed como en mayor seguridad para que los chaque\u00f1os puedan vivir mejor\u201d, asegur\u00f3.<br>El gobernador agradeci\u00f3 a los docentes de la EEP N\u00ba16 por el compromiso en la ense\u00f1anza. La instituci\u00f3n alberga a 317 alumnas y alumnos, quienes comparten el edificio con la Escuela Para Adultos N\u00ba 15 que tiene un total de 78 estudiantes. \u201cLa educaci\u00f3n tiene sentido si los chicos aprenden y los chicos aprenden cuando hay docentes apasionados y comprometidos\u201d, resalt\u00f3 y advirti\u00f3 que la tarea de educar y recuperar valores como el respeto y la solidaridad, hay que realizarla entre todos.<\/p>\n\n\n\n<p><em>Obras que cambian la vida de los pueblos<\/em><br>El intendente de Las Palmas, V\u00edctor Armella, agradeci\u00f3 a Zdero y asegur\u00f3 que siempre que le plantearon la necesidad de nuevas obras edilicias hubo respuestas favorables. \u201cLos cambios son para mejor, se trata de llegar a todos. Nuestra localidad fue relegada en la realizaci\u00f3n de obras de infraestructura y hoy eso est\u00e1 cambiando\u201d, agreg\u00f3.<br>La directora de la EEP N\u00ba 16, Isabel Mendoza, dio la bienvenida a la comitiva que acompa\u00f1\u00f3 a Zdero en la que estuvo el ministro de Infraestructura, Obras y Servicios P\u00fablicos, Hugo Dom\u00ednguez; la ministra de Desarrollo Humano, Sonia Galarza; el diputado Patricio Pav\u00f3n; y la presidenta del IPRODICH, Ana Mar\u00eda Mitoire.<br>Mendoza record\u00f3 que en marzo de 2024 la vicegobernadora Silvana Schneider recorri\u00f3 la escuela y observ\u00f3 las necesidades edilicias como la cobertura del camino hacia los sanitarios, a los que se dificultaba llegar los d\u00edas de lluvia, la refacci\u00f3n del comedor, el sal\u00f3n de usos m\u00faltiples SUM que era utilizado por la regional educativa y hoy es el espacio donde los alumnos realizan sus talleres, entre otras reformas inauguradas.<\/p>\n","protected":false},"excerpt":{"rendered":"<p>Las obras benefician a 395 estudiantes. Desde la escuela, reconocieron la r\u00e1pida respuesta del gobierno provincial a sus demandas. El gobernador Leandro Zdero inaugur\u00f3, este jueves en Las Palmas, las obras de refacciones de la Escuela de Educaci\u00f3n Primaria EEP N\u00ba 16 \u201cCarlos Hardy\u201d. \u201cQueremos que un chico que estudia en Las Palmas tenga las [&hellip;]<\/p>\n","protected":false},"author":2,"featured_media":5264,"comment_status":"open","ping_status":"open","sticky":false,"template":"","format":"standard","meta":{"footnotes":""},"categories":[27],"tags":[],"class_list":{"0":"post-5263","1":"post","2":"type-post","3":"status-publish","4":"format-standard","5":"has-post-thumbnail","7":"category-interior"},"aioseo_notices":[],"_links":{"self":[{"href":"https:\/\/lalupa24.com.ar\/index.php\/wp-json\/wp\/v2\/posts\/5263","targetHints":{"allow":["GET"]}}],"collection":[{"href":"https:\/\/lalupa24.com.ar\/index.php\/wp-json\/wp\/v2\/posts"}],"about":[{"href":"https:\/\/lalupa24.com.ar\/index.php\/wp-json\/wp\/v2\/types\/post"}],"author":[{"embeddable":true,"href":"https:\/\/lalupa24.com.ar\/index.php\/wp-json\/wp\/v2\/users\/2"}],"replies":[{"embeddable":true,"href":"https:\/\/lalupa24.com.ar\/index.php\/wp-json\/wp\/v2\/comments?post=5263"}],"version-history":[{"count":1,"href":"https:\/\/lalupa24.com.ar\/index.php\/wp-json\/wp\/v2\/posts\/5263\/revisions"}],"predecessor-version":[{"id":5265,"href":"https:\/\/lalupa24.com.ar\/index.php\/wp-json\/wp\/v2\/posts\/5263\/revisions\/5265"}],"wp:featuredmedia":[{"embeddable":true,"href":"https:\/\/lalupa24.com.ar\/index.php\/wp-json\/wp\/v2\/media\/5264"}],"wp:attachment":[{"href":"https:\/\/lalupa24.com.ar\/index.php\/wp-json\/wp\/v2\/media?parent=5263"}],"wp:term":[{"taxonomy":"category","embeddable":true,"href":"https:\/\/lalupa24.com.ar\/index.php\/wp-json\/wp\/v2\/categories?post=5263"},{"taxonomy":"post_tag","embeddable":true,"href":"https:\/\/lalupa24.com.ar\/index.php\/wp-json\/wp\/v2\/tags?post=5263"}],"curies":[{"name":"wp","href":"https:\/\/api.w.org\/{rel}","templated":true}]}}