{"id":5278,"date":"2025-03-31T14:09:00","date_gmt":"2025-03-31T17:09:00","guid":{"rendered":"https:\/\/lalupa24.com.ar\/?p=5278"},"modified":"2025-04-01T02:13:04","modified_gmt":"2025-04-01T05:13:04","slug":"alumnos-de-la-e-f-p-n-34-de-margarita-balen-realizaron-un-cofre-para-guardar-banderas-de-los-veteranos-de-malvinas","status":"publish","type":"post","link":"https:\/\/lalupa24.com.ar\/index.php\/2025\/03\/31\/alumnos-de-la-e-f-p-n-34-de-margarita-balen-realizaron-un-cofre-para-guardar-banderas-de-los-veteranos-de-malvinas\/","title":{"rendered":"Alumnos de la E.F.P N 34 de Margarita Balen realizaron un cofre para guardar banderas de los veteranos de Malvinas"},"content":{"rendered":"\n<p><br><\/p>\n\n\n\n<p>La presidente de la C\u00e1mara de Diputados, Carmen Delgado, recibi\u00f3 a la concejal, Karina S\u00e1nchez, de Margarita Bel\u00e9n. En dicho encuentro, la edil present\u00f3 el proyecto que realizaron los alumnos de la Escuela de Formaci\u00f3n Profesional N\u00ba 34. Se trata de un cofre de madera para que los veteranos de Malvinas guarden sus banderas. Dicho reconocimiento, ser\u00e1 entregado durante el Acto Central del 2 de abril en la localidad.<\/p>\n\n\n\n<p>Durante la reuni\u00f3n, invitaron a la legislativa a formar parte del proyecto de forma simb\u00f3lica a trav\u00e9s del ajuste de un tornillo del cofre. S\u00e1nchez, expres\u00f3 su agradecimiento a la presidente de la C\u00e1mara por haberlos recibido. Explic\u00f3 que el trabajo lo realizaron los chicos del \u00e1rea de carpinter\u00eda de la escuela. En ese sentido, remarc\u00f3 que se trata de un plan comunitario ya que los materiales fueron donados por los vecinos.<\/p>\n\n\n\n<p>La presidente de la Legislatura, Carmen Delgado, los felicit\u00f3 por la iniciativa. \u201cEs importante recordar y reconocer a nuestros soldados\u201d, enfatiz\u00f3. En ese sentido, destac\u00f3 el trabajo de los alumnos y les encomend\u00f3 a los presentes que realicen un cofre para la Legislatura. Asimismo, se comprometi\u00f3 en visitar a la escuela.<\/p>\n\n\n\n<p>\u201cLa iniciativa surgi\u00f3 por la semana malvinera, quer\u00edamos reconocer a nuestros soldados y hacer algo distinto. Cuando hablamos con el presidente de la Casa de Malvinas de Margarita Bel\u00e9n nos coment\u00f3 que no ten\u00edan un lugar donde guardar sus banderas por eso se nos ocurri\u00f3 esta idea. El cofre recorri\u00f3 gran parte de la comunidad donde todos son participes\u201d, coment\u00f3 la edil.<\/p>\n\n\n\n<p>Participaron de la reuni\u00f3n, el secretario de la E.F.P. N\u00ba34, Sebasti\u00e1n Mart\u00ednez, el profesor de Carpinter\u00eda, Francisco Pianca y la asesora del Concejo, Laura Cucic.<\/p>\n","protected":false},"excerpt":{"rendered":"<p>La presidente de la C\u00e1mara de Diputados, Carmen Delgado, recibi\u00f3 a la concejal, Karina S\u00e1nchez, de Margarita Bel\u00e9n. En dicho encuentro, la edil present\u00f3 el proyecto que realizaron los alumnos de la Escuela de Formaci\u00f3n Profesional N\u00ba 34. Se trata de un cofre de madera para que los veteranos de Malvinas guarden sus banderas. Dicho [&hellip;]<\/p>\n","protected":false},"author":2,"featured_media":5279,"comment_status":"open","ping_status":"open","sticky":false,"template":"","format":"standard","meta":{"footnotes":""},"categories":[28],"tags":[],"class_list":{"0":"post-5278","1":"post","2":"type-post","3":"status-publish","4":"format-standard","5":"has-post-thumbnail","7":"category-locales"},"aioseo_notices":[],"_links":{"self":[{"href":"https:\/\/lalupa24.com.ar\/index.php\/wp-json\/wp\/v2\/posts\/5278","targetHints":{"allow":["GET"]}}],"collection":[{"href":"https:\/\/lalupa24.com.ar\/index.php\/wp-json\/wp\/v2\/posts"}],"about":[{"href":"https:\/\/lalupa24.com.ar\/index.php\/wp-json\/wp\/v2\/types\/post"}],"author":[{"embeddable":true,"href":"https:\/\/lalupa24.com.ar\/index.php\/wp-json\/wp\/v2\/users\/2"}],"replies":[{"embeddable":true,"href":"https:\/\/lalupa24.com.ar\/index.php\/wp-json\/wp\/v2\/comments?post=5278"}],"version-history":[{"count":1,"href":"https:\/\/lalupa24.com.ar\/index.php\/wp-json\/wp\/v2\/posts\/5278\/revisions"}],"predecessor-version":[{"id":5280,"href":"https:\/\/lalupa24.com.ar\/index.php\/wp-json\/wp\/v2\/posts\/5278\/revisions\/5280"}],"wp:featuredmedia":[{"embeddable":true,"href":"https:\/\/lalupa24.com.ar\/index.php\/wp-json\/wp\/v2\/media\/5279"}],"wp:attachment":[{"href":"https:\/\/lalupa24.com.ar\/index.php\/wp-json\/wp\/v2\/media?parent=5278"}],"wp:term":[{"taxonomy":"category","embeddable":true,"href":"https:\/\/lalupa24.com.ar\/index.php\/wp-json\/wp\/v2\/categories?post=5278"},{"taxonomy":"post_tag","embeddable":true,"href":"https:\/\/lalupa24.com.ar\/index.php\/wp-json\/wp\/v2\/tags?post=5278"}],"curies":[{"name":"wp","href":"https:\/\/api.w.org\/{rel}","templated":true}]}}