{"id":5282,"date":"2025-04-01T10:19:55","date_gmt":"2025-04-01T13:19:55","guid":{"rendered":"https:\/\/lalupa24.com.ar\/?p=5282"},"modified":"2025-04-01T10:19:57","modified_gmt":"2025-04-01T13:19:57","slug":"desde-hoy-empezo-a-regir-el-sistema-de-estacionamiento-medido-en-resistencia","status":"publish","type":"post","link":"https:\/\/lalupa24.com.ar\/index.php\/2025\/04\/01\/desde-hoy-empezo-a-regir-el-sistema-de-estacionamiento-medido-en-resistencia\/","title":{"rendered":"Desde hoy empez\u00f3 a regir el sistema de estacionamiento medido en resistencia"},"content":{"rendered":"\n<p><\/p>\n\n\n\n<p>La Municipalidad de Resistencia inform\u00f3 que, desde este martes 1 de abril, comenz\u00f3 a regir el Sistema Inteligente de Estacionamiento Medido y que tendr\u00e1 inicialmente su radio de cobro en el microcentro.<\/p>\n\n\n\n<p>Al respecto habl\u00f3 N\u00e9stor Dellamea, secretario de Servicios P\u00fablicos comunal: \u201cDespu\u00e9s del periodo del 17 de febrero al 31 marzo, donde se realiz\u00f3 una prueba piloto a los efectos de probar el sistema y que el usuario se familiarice, desde este 1 de abril empez\u00f3 a funcionar a pleno\u201d.<\/p>\n\n\n\n<p>Aclar\u00f3 que, en esta parte inicial, se cobrar\u00e1 el estacionamiento en el microcentro, en el primer cord\u00f3n del cuadrante que componen las avenidas Italia \u2013 San Mart\u00edn, Rodr\u00edguez Pe\u00f1a \u2013 Moreno, Belgrano \u2013 Wilde y Rivadavia \u2013 Paraguay.<\/p>\n\n\n\n<p>\u201cSabemos que pueden aparecer situaciones especiales, por eso reforzamos la presencia de inspectores de Tr\u00e1nsito para que el vecino pueda acudir ante cualquier inquietud y ser\u00e1n asesorados\u201d, remarc\u00f3.<\/p>\n\n\n\n<p>Dej\u00f3 en claro que, dependiendo los casos, el inspector actuar\u00e1 conforme las normativas, pero pueden surgir dudas en cuanto a la aplicaci\u00f3n o sobre los sistemas de boxes, forma de estacionamiento.<\/p>\n\n\n\n<p>\u201cLa idea es ayudar al vecino, mientras tanto trabajaremos en el macrocentro con un programa espec\u00edficamente para mediciones de par\u00e1metros y evaluaci\u00f3n de impacto con la zona\u201d, asever\u00f3.<\/p>\n","protected":false},"excerpt":{"rendered":"<p>La Municipalidad de Resistencia inform\u00f3 que, desde este martes 1 de abril, comenz\u00f3 a regir el Sistema Inteligente de Estacionamiento Medido y que tendr\u00e1 inicialmente su radio de cobro en el microcentro. Al respecto habl\u00f3 N\u00e9stor Dellamea, secretario de Servicios P\u00fablicos comunal: \u201cDespu\u00e9s del periodo del 17 de febrero al 31 marzo, donde se realiz\u00f3 [&hellip;]<\/p>\n","protected":false},"author":2,"featured_media":5283,"comment_status":"open","ping_status":"open","sticky":false,"template":"","format":"standard","meta":{"footnotes":""},"categories":[28],"tags":[],"class_list":{"0":"post-5282","1":"post","2":"type-post","3":"status-publish","4":"format-standard","5":"has-post-thumbnail","7":"category-locales"},"aioseo_notices":[],"_links":{"self":[{"href":"https:\/\/lalupa24.com.ar\/index.php\/wp-json\/wp\/v2\/posts\/5282","targetHints":{"allow":["GET"]}}],"collection":[{"href":"https:\/\/lalupa24.com.ar\/index.php\/wp-json\/wp\/v2\/posts"}],"about":[{"href":"https:\/\/lalupa24.com.ar\/index.php\/wp-json\/wp\/v2\/types\/post"}],"author":[{"embeddable":true,"href":"https:\/\/lalupa24.com.ar\/index.php\/wp-json\/wp\/v2\/users\/2"}],"replies":[{"embeddable":true,"href":"https:\/\/lalupa24.com.ar\/index.php\/wp-json\/wp\/v2\/comments?post=5282"}],"version-history":[{"count":1,"href":"https:\/\/lalupa24.com.ar\/index.php\/wp-json\/wp\/v2\/posts\/5282\/revisions"}],"predecessor-version":[{"id":5284,"href":"https:\/\/lalupa24.com.ar\/index.php\/wp-json\/wp\/v2\/posts\/5282\/revisions\/5284"}],"wp:featuredmedia":[{"embeddable":true,"href":"https:\/\/lalupa24.com.ar\/index.php\/wp-json\/wp\/v2\/media\/5283"}],"wp:attachment":[{"href":"https:\/\/lalupa24.com.ar\/index.php\/wp-json\/wp\/v2\/media?parent=5282"}],"wp:term":[{"taxonomy":"category","embeddable":true,"href":"https:\/\/lalupa24.com.ar\/index.php\/wp-json\/wp\/v2\/categories?post=5282"},{"taxonomy":"post_tag","embeddable":true,"href":"https:\/\/lalupa24.com.ar\/index.php\/wp-json\/wp\/v2\/tags?post=5282"}],"curies":[{"name":"wp","href":"https:\/\/api.w.org\/{rel}","templated":true}]}}