{"id":5288,"date":"2025-04-01T10:33:02","date_gmt":"2025-04-01T13:33:02","guid":{"rendered":"https:\/\/lalupa24.com.ar\/?p=5288"},"modified":"2025-04-01T10:33:04","modified_gmt":"2025-04-01T13:33:04","slug":"se-lanzo-el-trabajo-articulado-entre-fortaleza-y-el-programa-soy-jovenen-charata","status":"publish","type":"post","link":"https:\/\/lalupa24.com.ar\/index.php\/2025\/04\/01\/se-lanzo-el-trabajo-articulado-entre-fortaleza-y-el-programa-soy-jovenen-charata\/","title":{"rendered":"Se lanz\u00f3 el trabajo articulado entre fortaleza y el programa \u201cSoy Joven\u201den Charata"},"content":{"rendered":"\n<p><\/p>\n\n\n\n<p><em>La vicegobernadora, Silvana Schneider, presidi\u00f3 el lanzamiento de articulaci\u00f3n entre el programa Fortaleza y la iniciativa &#8220;Soy Joven&#8221; en el Club Juventud Agraria Cooperativista de Charata.<\/em><\/p>\n\n\n\n<p>La actividad, que cont\u00f3 con la participaci\u00f3n de funcionarios provinciales y municipales, tuvo como objetivo acercar a los estudiantes del \u00faltimo a\u00f1o del nivel secundario herramientas para la prevenci\u00f3n sobre consumos problem\u00e1ticos y promover el acceso a programas de asistencia.<br>Durante su intervenci\u00f3n, la vicegobernadora destac\u00f3 la importancia de fortalecer las redes de contenci\u00f3n para la juventud chaque\u00f1a. &#8220;Estamos aqu\u00ed para reafirmar nuestro compromiso con las y los j\u00f3venes, brind\u00e1ndoles informaci\u00f3n y apoyo para que puedan tomar decisiones saludables. Desde el gobierno provincial, trabajamos en conjunto para generar oportunidades y garantizar el acceso a programas que fomenten el desarrollo integral de nuestra comunidad&#8221;, afirm\u00f3 Schneider.<br>El evento cont\u00f3 con la presencia del intendente de Charata, Rub\u00e9n Rach, el concejal Alejandro Barcala, el subsecretario de Juventud, Arq. Everest Jovanovich, y la subsecretaria de Trabajo, Capacitaci\u00f3n y Empleo, Mar\u00eda Noel Ibarra, entre otras autoridades. Asimismo, participaron representantes del programa Fortaleza, especialistas en salud mental y alumnos de diversas instituciones educativas de la ciudad.<br>A lo largo de la jornada, se expusieron las diferentes l\u00edneas de acci\u00f3n implementadas en la provincia para la prevenci\u00f3n de consumos problem\u00e1ticos y se socializaron los n\u00fameros asistenciales para casos de urgencia. Adem\u00e1s, se present\u00f3 el programa Impulsar, que ofrece herramientas para la capacitaci\u00f3n y la inserci\u00f3n laboral de los j\u00f3venes chaque\u00f1os.<br>El programa &#8220;Soy Joven&#8221; es una iniciativa destinada a promover el protagonismo de la juventud a trav\u00e9s de actividades de formaci\u00f3n, inserci\u00f3n laboral y promoci\u00f3n de h\u00e1bitos saludables. En este marco, se llevaron a cabo talleres y charlas informativas sobre prevenci\u00f3n de adicciones, orientaci\u00f3n vocacional y acceso a derechos. Los estudiantes participaron activamente en los espacios de di\u00e1logo, donde expresaron sus inquietudes y necesidades, fortaleciendo el v\u00ednculo entre la juventud y las pol\u00edticas p\u00fablicas.<br>Por su parte, la vicegobernadora enfatiz\u00f3 la necesidad de un abordaje integral y articulado entre las distintas \u00e1reas de gobierno. &#8220;No podemos hablar de prevenci\u00f3n sin un enfoque integral que contemple la educaci\u00f3n, la salud y la generaci\u00f3n de oportunidades. Este es un trabajo que nos involucra a todos y que solo podremos consolidar con el compromiso de cada sector&#8221;, concluy\u00f3.<br>El lanzamiento de esta articulaci\u00f3n refuerza el compromiso del gobierno provincial con el bienestar de la juventud chaque\u00f1a y marca un paso significativo en la construcci\u00f3n de una red de acompa\u00f1amiento integral para la comunidad estudiantil.<\/p>\n\n\n\n<p><em>Si est\u00e1s atravesando una situaci\u00f3n de consumos problem\u00e1ticos o conoces a alguien pod\u00e9s comunicarte con guardia remota: turno diurno Cel.3624-618432, (08 a 20 Hs.), turno nocturno, Cel.3624-814825, (20 a 08 Hs.).<\/em><\/p>\n","protected":false},"excerpt":{"rendered":"<p>La vicegobernadora, Silvana Schneider, presidi\u00f3 el lanzamiento de articulaci\u00f3n entre el programa Fortaleza y la iniciativa &#8220;Soy Joven&#8221; en el Club Juventud Agraria Cooperativista de Charata. La actividad, que cont\u00f3 con la participaci\u00f3n de funcionarios provinciales y municipales, tuvo como objetivo acercar a los estudiantes del \u00faltimo a\u00f1o del nivel secundario herramientas para la prevenci\u00f3n [&hellip;]<\/p>\n","protected":false},"author":2,"featured_media":5289,"comment_status":"open","ping_status":"open","sticky":false,"template":"","format":"standard","meta":{"footnotes":""},"categories":[27],"tags":[],"class_list":{"0":"post-5288","1":"post","2":"type-post","3":"status-publish","4":"format-standard","5":"has-post-thumbnail","7":"category-interior"},"aioseo_notices":[],"_links":{"self":[{"href":"https:\/\/lalupa24.com.ar\/index.php\/wp-json\/wp\/v2\/posts\/5288","targetHints":{"allow":["GET"]}}],"collection":[{"href":"https:\/\/lalupa24.com.ar\/index.php\/wp-json\/wp\/v2\/posts"}],"about":[{"href":"https:\/\/lalupa24.com.ar\/index.php\/wp-json\/wp\/v2\/types\/post"}],"author":[{"embeddable":true,"href":"https:\/\/lalupa24.com.ar\/index.php\/wp-json\/wp\/v2\/users\/2"}],"replies":[{"embeddable":true,"href":"https:\/\/lalupa24.com.ar\/index.php\/wp-json\/wp\/v2\/comments?post=5288"}],"version-history":[{"count":1,"href":"https:\/\/lalupa24.com.ar\/index.php\/wp-json\/wp\/v2\/posts\/5288\/revisions"}],"predecessor-version":[{"id":5290,"href":"https:\/\/lalupa24.com.ar\/index.php\/wp-json\/wp\/v2\/posts\/5288\/revisions\/5290"}],"wp:featuredmedia":[{"embeddable":true,"href":"https:\/\/lalupa24.com.ar\/index.php\/wp-json\/wp\/v2\/media\/5289"}],"wp:attachment":[{"href":"https:\/\/lalupa24.com.ar\/index.php\/wp-json\/wp\/v2\/media?parent=5288"}],"wp:term":[{"taxonomy":"category","embeddable":true,"href":"https:\/\/lalupa24.com.ar\/index.php\/wp-json\/wp\/v2\/categories?post=5288"},{"taxonomy":"post_tag","embeddable":true,"href":"https:\/\/lalupa24.com.ar\/index.php\/wp-json\/wp\/v2\/tags?post=5288"}],"curies":[{"name":"wp","href":"https:\/\/api.w.org\/{rel}","templated":true}]}}