{"id":5297,"date":"2025-04-02T22:11:25","date_gmt":"2025-04-03T01:11:25","guid":{"rendered":"https:\/\/lalupa24.com.ar\/?p=5297"},"modified":"2025-04-02T22:11:26","modified_gmt":"2025-04-03T01:11:26","slug":"zdero-encabezo-el-acto-central-por-el-43-anos-de-la-gesta-del-atlantico-sur","status":"publish","type":"post","link":"https:\/\/lalupa24.com.ar\/index.php\/2025\/04\/02\/zdero-encabezo-el-acto-central-por-el-43-anos-de-la-gesta-del-atlantico-sur\/","title":{"rendered":"Zdero encabez\u00f3 el acto central por el 43 a\u00f1os de la gesta del Atlantico Sur"},"content":{"rendered":"\n<p><\/p>\n\n\n\n<p>El gobernador Leandro Zdero encabez\u00f3, esta ma\u00f1ana, el acto central por el D\u00eda del Veterano y de los Ca\u00eddos en la Guerra de Malvinas, realizado en la sede del Ej\u00e9rcito Argentino en Resistencia. A 43 a\u00f1os del inicio del conflicto b\u00e9lico, se descubri\u00f3 una placa conmemorativa hoy en homenaje a quienes dieron su vida en la gesta del Atl\u00e1ntico Sur.<\/p>\n\n\n\n<p>\u201cEs un hecho hist\u00f3rico, en 43 a\u00f1os de realizaciones y conmemoraciones como esta, en un lugar que reivindica la historia, que seguramente trae alg\u00fan sesgo doloroso, pero que une la fortaleza, la valent\u00eda de un momento de nuestra historia para defender la patria\u201d, dijo Zdero.<br>En ese contexto, continu\u00f3: \u201cHoy no es un d\u00eda m\u00e1s, es un d\u00eda para rendir homenaje a quienes fueron protagonistas de la gesta de Malvinas, pero tambi\u00e9n sus familias. Y al cumplirse el cuadrag\u00e9simo tercer aniversario del D\u00eda del Veterano y de los Ca\u00eddos de Guerra de Malvinas es imprescindible reflexionar sobre el profundo significado de esta fecha\u201d.<\/p>\n\n\n\n<p>De tal manera, el jefe del Ejecutivo provincial record\u00f3 el d\u00eda que comenz\u00f3 el conflicto b\u00e9lico entre Argentina y el Reino Unido y pidi\u00f3: \u201cEsta debe ser una jornada que nos permita homenajear a los combatientes, a los m\u00e1s de 600 soldados argentinos y 60 chaque\u00f1os que fallecieron en la guerra, pero tambi\u00e9n es el momento para reafirmar el reclamo genuino sobre la soberan\u00eda de nuestras Islas\u201d.<br>Asimismo, Zdero lament\u00f3: \u201cMuchos han banalizado la importancia de aquella gesta, esa actitud irresponsable es la que no debemos admitir, depende de todos y cada uno de nosotros hacerlo con madurez y con compromiso. No es bueno aprovecharse del dolor y del sufrimiento ajeno, tampoco es bueno el materialismo en estos momentos cuando en realidad es el honor el que debe reconocerse porque han dejado hasta sus vidas y las han arriesgado como personas que las tenemos aqu\u00ed\u201d.<\/p>\n\n\n\n<p>En ese sentido, el Gobernador mencion\u00f3 que desde el Gobierno provincial se ha acompa\u00f1ado en cada momento a los Veteranos y Ca\u00eddos de Malvinas \u201ccon gestos genuinos que nos nacen del coraz\u00f3n porque sentimos que los chaque\u00f1os que murieron en esas islas merecen nuestro m\u00e1ximo reconocimiento, nuestro m\u00e1ximo esfuerzo, al igual que sus familias\u201d.<br>Para finalizar, Zdero se\u00f1al\u00f3: \u201cHoy reafirmamos desde este lugar emblem\u00e1tico nuestro compromiso con la soberan\u00eda, recordando que las Islas Malvinas fueron, son y ser\u00e1n argentinas. Gracias a los que no olvidaron el pasado, ese pasado heroico, a las familias que dieron todo por aquella circunstancia imborrable para todos, a aquellos que mantienen viva la historia y la causa de Malvinas\u201d.<\/p>\n\n\n\n<p><em>Acompa\u00f1aron al Gobernador, el intendente de la ciudad de Resistencia, Roy Nikisch; la presidente de la Legislatura, Carmen Delgado; el ministro de Gobierno, Justicia, Trabajo y Derechos Humanos, Jorge G\u00f3mez; la ministra de Educaci\u00f3n, Sof\u00eda Naidenoff; la presidente del Superior Tribunal de Justicia, Emilia Mar\u00eda Valle; el senador, V\u00edctor Zimmermann y dem\u00e1s autoridades provinciales.<\/em><\/p>\n\n\n\n<p><em>CORONEL MAYOR CRISTIAN CELLI: \u201cMALVINAS ES NUESTRA CAUSA NACIONAL\u201d<\/em><\/p>\n\n\n\n<p>Por su parte, el jefe de la Tercera Brigada de Monte, Coronel Mayor Cristian Fabio Celli, precis\u00f3: \u201cEn el a\u00f1o 1982, en nuestras Islas Malvinas, se combati\u00f3 haciendo gala de las virtudes del soldado, del marino, del aviador, del gendarme, del prefecto y del agente civil argentino. Se demostr\u00f3 al mundo entero que la bravura criolla no estaba dormida\u201d.<br>Celli lament\u00f3 que la Guerra de Malvinas \u201ces mirada por algunos con una visi\u00f3n materialista y sesgada\u201d. \u201cPara ellos se trata de una derrota, de un fracaso con destino de olvido, sin embargo, para aquellos que la vemos con una mirada altruista, Malvinas 1982 fue una derrota bien peleada, con derroche de hero\u00edsmo, fe, coraje y amor a la patria y al camarada\u201d.<\/p>\n\n\n\n<p>\u201cNuestra derrota en Malvinas no fue una verg\u00fcenza, eso nos han querido meter en la cabeza, pero no fue as\u00ed. El enemigo tuvo una victoria peque\u00f1a que no representa la gloria ni la defensa que ustedes han hecho. Malvinas es la causa nacional, es nuestro objetivo com\u00fan, es nuestra hermanita perdida que se debe recuperar, es la herida que no debemos dejar cicatrizar\u201d, asegur\u00f3.<\/p>\n\n\n\n<p>Para concluir, Celli dej\u00f3 un profundo mensaje hacia los presentes: \u201cTengamos siempre presente que el soldado no muere en el campo de batalla, muere cuando su patria lo olvida. Ese es nuestro compromiso: no olvidar\u201d.<\/p>\n\n\n\n<p><em>EXCOMBATIENTE RA\u00daL CALDER\u00d3N: \u201cLA CRUZ QUE TRAJIMOS DE MALVINAS LA VAMOS A SEGUIR LLEVANDO HASTA LA TUMBA\u201d<\/em><\/p>\n\n\n\n<p>\u201cLes voy a hablar del coraz\u00f3n porque lo que vivimos los Veteranos de Guerra lo vivimos todos los d\u00edas. Esa cruz que trajimos de Malvinas la vamos a seguir llevando hasta la tumba, vamos a seguir defendiendo al otro compa\u00f1ero, a los 632 que dieron la vida\u201d, remarc\u00f3 Ra\u00fal Humberto Calder\u00f3n, presidente del Centro de Soldados Excombatientes Chaco.<br>Calder\u00f3n hizo una menci\u00f3n especial a los 60 chaque\u00f1os que fueron parte de la gesta de Malvinas. \u201cEl Chaco incluye en la historia 60 h\u00e9roes, para ellos todo nuestro honor, para nuestros camaradas, para los que lo dieron todo, para aquellos que un 20 de junio juraron defender su bandera hasta perder la vida\u201d.<br>\u201cLos h\u00e9roes que van a perpetuarse en la vida y que van a estar eternamente son aquellos que ofrecieron su vida, los 632 que est\u00e1n en Malvinas y todos los camaradas que est\u00e1n en toda nuestra provincia. Ellos nunca van a dejar de ser nuestros \u00eddolos, nuestros h\u00e9roes, porque lo hicieron defendiendo nuestros colores patrios y frente a un enemigo\u201d, concluy\u00f3 Calder\u00f3n.<\/p>\n","protected":false},"excerpt":{"rendered":"<p>El gobernador Leandro Zdero encabez\u00f3, esta ma\u00f1ana, el acto central por el D\u00eda del Veterano y de los Ca\u00eddos en la Guerra de Malvinas, realizado en la sede del Ej\u00e9rcito Argentino en Resistencia. A 43 a\u00f1os del inicio del conflicto b\u00e9lico, se descubri\u00f3 una placa conmemorativa hoy en homenaje a quienes dieron su vida en [&hellip;]<\/p>\n","protected":false},"author":2,"featured_media":5298,"comment_status":"open","ping_status":"open","sticky":false,"template":"","format":"standard","meta":{"footnotes":""},"categories":[28],"tags":[],"class_list":{"0":"post-5297","1":"post","2":"type-post","3":"status-publish","4":"format-standard","5":"has-post-thumbnail","7":"category-locales"},"aioseo_notices":[],"_links":{"self":[{"href":"https:\/\/lalupa24.com.ar\/index.php\/wp-json\/wp\/v2\/posts\/5297","targetHints":{"allow":["GET"]}}],"collection":[{"href":"https:\/\/lalupa24.com.ar\/index.php\/wp-json\/wp\/v2\/posts"}],"about":[{"href":"https:\/\/lalupa24.com.ar\/index.php\/wp-json\/wp\/v2\/types\/post"}],"author":[{"embeddable":true,"href":"https:\/\/lalupa24.com.ar\/index.php\/wp-json\/wp\/v2\/users\/2"}],"replies":[{"embeddable":true,"href":"https:\/\/lalupa24.com.ar\/index.php\/wp-json\/wp\/v2\/comments?post=5297"}],"version-history":[{"count":1,"href":"https:\/\/lalupa24.com.ar\/index.php\/wp-json\/wp\/v2\/posts\/5297\/revisions"}],"predecessor-version":[{"id":5299,"href":"https:\/\/lalupa24.com.ar\/index.php\/wp-json\/wp\/v2\/posts\/5297\/revisions\/5299"}],"wp:featuredmedia":[{"embeddable":true,"href":"https:\/\/lalupa24.com.ar\/index.php\/wp-json\/wp\/v2\/media\/5298"}],"wp:attachment":[{"href":"https:\/\/lalupa24.com.ar\/index.php\/wp-json\/wp\/v2\/media?parent=5297"}],"wp:term":[{"taxonomy":"category","embeddable":true,"href":"https:\/\/lalupa24.com.ar\/index.php\/wp-json\/wp\/v2\/categories?post=5297"},{"taxonomy":"post_tag","embeddable":true,"href":"https:\/\/lalupa24.com.ar\/index.php\/wp-json\/wp\/v2\/tags?post=5297"}],"curies":[{"name":"wp","href":"https:\/\/api.w.org\/{rel}","templated":true}]}}