{"id":5346,"date":"2025-04-05T17:02:02","date_gmt":"2025-04-05T20:02:02","guid":{"rendered":"https:\/\/lalupa24.com.ar\/?p=5346"},"modified":"2025-04-05T17:02:04","modified_gmt":"2025-04-05T20:02:04","slug":"el-gobierno-provincial-acompano-los-festejos-por-el-60-aniversario-de-la-ees-n47","status":"publish","type":"post","link":"https:\/\/lalupa24.com.ar\/index.php\/2025\/04\/05\/el-gobierno-provincial-acompano-los-festejos-por-el-60-aniversario-de-la-ees-n47\/","title":{"rendered":"El gobierno provincial acompa\u00f1\u00f3   Los festejos por el 60 aniversario de la EES N47"},"content":{"rendered":"\n<p><\/p>\n\n\n\n<p><em>Este s\u00e1bado por la ma\u00f1ana se llev\u00f3 a cabo el acto conmemorativo por el 60\u00b0 aniversario de la Escuela de Educaci\u00f3n Secundaria N\u00b0 47 &#8220;Manuel Belgrano&#8221;, de la localidad de General San Mart\u00edn. La ceremonia cont\u00f3 con la presencia de la ministra de Educaci\u00f3n, Sof\u00eda Naidenoff; el ministro de Seguridad, Hugo Matkovich; y la subsecretaria de Acci\u00f3n Comunitaria, Tamara Silvestri, en representaci\u00f3n del Ejecutivo provincial.<\/em><\/p>\n\n\n\n<p>La directora de la instituci\u00f3n, Mar\u00eda Alejandra Gaete, fue la encargada de dar la bienvenida a las autoridades y asistentes, agradeciendo su presencia en un acontecimiento tan significativo para la comunidad educativa sanmartiniana.<br>Durante el acto, la ministra Naidenoff expres\u00f3 su emoci\u00f3n por formar parte del aniversario de una instituci\u00f3n con tanta trayectoria. \u201cMe siento parte de San Mart\u00edn por mi historia personal. Soy de El Colorado y esta ciudad representa una etapa muy importante de mi vida. Este colegio tiene mucha historia para m\u00ed: recuerdo la inauguraci\u00f3n y lo que signific\u00f3 la apertura del teatro griego para toda la comunidad&#8221;, rememor\u00f3.<br>En ese sentido, destac\u00f3: \u201cEs fundamental cuando una instituci\u00f3n logra generar sentido de pertenencia. Esto es nuestro y debemos cuidarlo. Este teatro es un ejemplo para toda la provincia\u201d.<br>La ministra tambi\u00e9n transmiti\u00f3 un mensaje del gobernador Leandro Zdero, subrayando que \u201cla educaci\u00f3n es el eje de nuestra gesti\u00f3n. Este lugar debe seguir siendo un espacio educativo por excelencia, brindando todo lo que las instituciones necesiten para su desarrollo\u201d.<\/p>\n\n\n\n<p>Por su parte, el ministro de Seguridad, Hugo Matkovich, manifest\u00f3 su orgullo por participar del acto y rememor\u00f3 su paso por la escuela. \u201cSoy parte de la promoci\u00f3n &#8217;84, y guardo recuerdos muy afectuosos de mis a\u00f1os como estudiante aqu\u00ed. Esta escuela marc\u00f3 una etapa fundamental de mi vida. Agradezco profundamente a los directivos, docentes, personal de maestranza y estudiantes que han contribuido a engrandecer esta instituci\u00f3n\u201d, expres\u00f3.<br>Durante la ceremonia, se entregaron presentes conmemorativos a la instituci\u00f3n. La ministra Naidenoff obsequi\u00f3 una placa y una colecci\u00f3n de libros; la subsecretaria Silvestri entreg\u00f3 actas y una bandera de ceremonias; mientras que el ministro Matkovich don\u00f3 una placa alusiva al 60\u00b0 aniversario.<\/p>\n","protected":false},"excerpt":{"rendered":"<p>Este s\u00e1bado por la ma\u00f1ana se llev\u00f3 a cabo el acto conmemorativo por el 60\u00b0 aniversario de la Escuela de Educaci\u00f3n Secundaria N\u00b0 47 &#8220;Manuel Belgrano&#8221;, de la localidad de General San Mart\u00edn. La ceremonia cont\u00f3 con la presencia de la ministra de Educaci\u00f3n, Sof\u00eda Naidenoff; el ministro de Seguridad, Hugo Matkovich; y la subsecretaria [&hellip;]<\/p>\n","protected":false},"author":2,"featured_media":5347,"comment_status":"open","ping_status":"open","sticky":false,"template":"","format":"standard","meta":{"footnotes":""},"categories":[27],"tags":[],"class_list":{"0":"post-5346","1":"post","2":"type-post","3":"status-publish","4":"format-standard","5":"has-post-thumbnail","7":"category-interior"},"aioseo_notices":[],"_links":{"self":[{"href":"https:\/\/lalupa24.com.ar\/index.php\/wp-json\/wp\/v2\/posts\/5346","targetHints":{"allow":["GET"]}}],"collection":[{"href":"https:\/\/lalupa24.com.ar\/index.php\/wp-json\/wp\/v2\/posts"}],"about":[{"href":"https:\/\/lalupa24.com.ar\/index.php\/wp-json\/wp\/v2\/types\/post"}],"author":[{"embeddable":true,"href":"https:\/\/lalupa24.com.ar\/index.php\/wp-json\/wp\/v2\/users\/2"}],"replies":[{"embeddable":true,"href":"https:\/\/lalupa24.com.ar\/index.php\/wp-json\/wp\/v2\/comments?post=5346"}],"version-history":[{"count":1,"href":"https:\/\/lalupa24.com.ar\/index.php\/wp-json\/wp\/v2\/posts\/5346\/revisions"}],"predecessor-version":[{"id":5348,"href":"https:\/\/lalupa24.com.ar\/index.php\/wp-json\/wp\/v2\/posts\/5346\/revisions\/5348"}],"wp:featuredmedia":[{"embeddable":true,"href":"https:\/\/lalupa24.com.ar\/index.php\/wp-json\/wp\/v2\/media\/5347"}],"wp:attachment":[{"href":"https:\/\/lalupa24.com.ar\/index.php\/wp-json\/wp\/v2\/media?parent=5346"}],"wp:term":[{"taxonomy":"category","embeddable":true,"href":"https:\/\/lalupa24.com.ar\/index.php\/wp-json\/wp\/v2\/categories?post=5346"},{"taxonomy":"post_tag","embeddable":true,"href":"https:\/\/lalupa24.com.ar\/index.php\/wp-json\/wp\/v2\/tags?post=5346"}],"curies":[{"name":"wp","href":"https:\/\/api.w.org\/{rel}","templated":true}]}}