{"id":535,"date":"2024-02-25T14:26:00","date_gmt":"2024-02-25T17:26:00","guid":{"rendered":"https:\/\/lalupa24.com.ar\/?p=535"},"modified":"2024-03-11T14:28:28","modified_gmt":"2024-03-11T17:28:28","slug":"zimmermann-los-jubilados-no-pueden-ser-la-variable-de-ajuste","status":"publish","type":"post","link":"https:\/\/lalupa24.com.ar\/index.php\/2024\/02\/25\/zimmermann-los-jubilados-no-pueden-ser-la-variable-de-ajuste\/","title":{"rendered":"ZIMMERMANN: \u201cLOS JUBILADOS NO PUEDEN SER LA VARIABLE DE AJUSTE\u201d"},"content":{"rendered":"\n<p>El senador nacional por el Chaco, V\u00edctor Zimmermann, present\u00f3 junto a otros cuatro senadores, present\u00f3 un proyecto de Ley que propone la recomposici\u00f3n de emergencia de haberes de los jubilados que propone \u201cuna movilidad con ajuste mensual sujeta a la variaci\u00f3n del \u00edndice de precios al consumidor\u201d.<\/p>\n\n\n\n<p>El legislador radical sostiene que la f\u00f3rmula actual \u201ces mucho m\u00e1s lenta que la evoluci\u00f3n de la inflaci\u00f3n porque se basa en par\u00e1metros rezagados\u201d, recordando que \u201cpara la actualizaci\u00f3n de marzo de 2024, se toma en cuenta la variaci\u00f3n de los salarios y de los ingresos tributarios de ANSES entre septiembre y diciembre\u201d.<\/p>\n\n\n\n<p>\u201cEsta propuesta de cambio de la f\u00f3rmula de movilidad jubilatoria que estamos<\/p>\n\n\n\n<p>Impulsando, busca recomponer los ingresos de los jubilados, poni\u00e9ndolos en una posici\u00f3n justa frente a la coyuntura econ\u00f3mica del pa\u00eds\u201d, asegura el senador en los fundamentos del proyecto.<\/p>\n\n\n\n<p>\u201cDe la misma manera que todos los gremios est\u00e1n exigiendo sus paritarias con<\/p>\n\n\n\n<p>cl\u00e1usulas gatillo, incluso mensuales, por las subas inflacionarias\u201d, plantea Zimmermann y reitera que \u201cesta iniciativa tiene como objetivo sostener la capacidad adquisitiva de los jubilados, sector que no posee un m\u00e9todo sustitutivo de ingresos ni un espacio activo de defensa\u201d.<\/p>\n\n\n\n<p>\u201cSabemos que el sistema jubilatorio necesita una reforma estructural a largo plazo\u201d, reconoce el dirigente radical y asegura que \u201chasta alcanzar el consenso para esa reforma, los jubilados no pueden ser la variable de ajuste\u201d. Se\u00f1alando que \u201cel 45% del super\u00e1vit fiscal del que hace alarde el Gobierno Nacional, proviene del ajuste a los jubilados\u201d.<\/p>\n\n\n\n<p>Finalmente, Zimmermann confiesa su esperanza que \u201cen un futuro no sea necesaria la constante movilidad de la f\u00f3rmula\u201d, pero reconoce que \u201chasta tanto logremos disminuir la inflaci\u00f3n, no podemos dejar que los haberes est\u00e9n sujetos a la discrecionalidad del Poder Ejecutivo de turno\u201d.<\/p>\n","protected":false},"excerpt":{"rendered":"<p>El senador nacional por el Chaco, V\u00edctor Zimmermann, present\u00f3 junto a otros cuatro senadores, present\u00f3 un proyecto de Ley que propone la recomposici\u00f3n de emergencia de haberes de los jubilados que propone \u201cuna movilidad con ajuste mensual sujeta a la variaci\u00f3n del \u00edndice de precios al consumidor\u201d. El legislador radical sostiene que la f\u00f3rmula actual [&hellip;]<\/p>\n","protected":false},"author":2,"featured_media":515,"comment_status":"open","ping_status":"open","sticky":false,"template":"","format":"standard","meta":{"footnotes":""},"categories":[1],"tags":[],"class_list":{"0":"post-535","1":"post","2":"type-post","3":"status-publish","4":"format-standard","5":"has-post-thumbnail","7":"category-blog"},"aioseo_notices":[],"_links":{"self":[{"href":"https:\/\/lalupa24.com.ar\/index.php\/wp-json\/wp\/v2\/posts\/535","targetHints":{"allow":["GET"]}}],"collection":[{"href":"https:\/\/lalupa24.com.ar\/index.php\/wp-json\/wp\/v2\/posts"}],"about":[{"href":"https:\/\/lalupa24.com.ar\/index.php\/wp-json\/wp\/v2\/types\/post"}],"author":[{"embeddable":true,"href":"https:\/\/lalupa24.com.ar\/index.php\/wp-json\/wp\/v2\/users\/2"}],"replies":[{"embeddable":true,"href":"https:\/\/lalupa24.com.ar\/index.php\/wp-json\/wp\/v2\/comments?post=535"}],"version-history":[{"count":1,"href":"https:\/\/lalupa24.com.ar\/index.php\/wp-json\/wp\/v2\/posts\/535\/revisions"}],"predecessor-version":[{"id":536,"href":"https:\/\/lalupa24.com.ar\/index.php\/wp-json\/wp\/v2\/posts\/535\/revisions\/536"}],"wp:featuredmedia":[{"embeddable":true,"href":"https:\/\/lalupa24.com.ar\/index.php\/wp-json\/wp\/v2\/media\/515"}],"wp:attachment":[{"href":"https:\/\/lalupa24.com.ar\/index.php\/wp-json\/wp\/v2\/media?parent=535"}],"wp:term":[{"taxonomy":"category","embeddable":true,"href":"https:\/\/lalupa24.com.ar\/index.php\/wp-json\/wp\/v2\/categories?post=535"},{"taxonomy":"post_tag","embeddable":true,"href":"https:\/\/lalupa24.com.ar\/index.php\/wp-json\/wp\/v2\/tags?post=535"}],"curies":[{"name":"wp","href":"https:\/\/api.w.org\/{rel}","templated":true}]}}