{"id":5350,"date":"2025-04-05T17:09:24","date_gmt":"2025-04-05T20:09:24","guid":{"rendered":"https:\/\/lalupa24.com.ar\/?p=5350"},"modified":"2025-04-05T17:09:26","modified_gmt":"2025-04-05T20:09:26","slug":"zdero-inauguro-hoy-nuevas-cuadras-de-pavimento-con-desague-e-iluminacion-en-saenz-pena","status":"publish","type":"post","link":"https:\/\/lalupa24.com.ar\/index.php\/2025\/04\/05\/zdero-inauguro-hoy-nuevas-cuadras-de-pavimento-con-desague-e-iluminacion-en-saenz-pena\/","title":{"rendered":"Zdero inaugur\u00f3 hoy nuevas cuadras de pavimento con desag\u00fce e iluminaci\u00f3n en S\u00e1enz Pe\u00f1a"},"content":{"rendered":"\n<p><\/p>\n\n\n\n<p><em>El gobernador Leandro Zdero, inaugur\u00f3 este s\u00e1bado, en la ciudad de S\u00e1enz Pe\u00f1a, junto al ministro de infraestructura Hugo Dom\u00ednguez y al intendente, Bruno Cipolini, nuevas cuadras de pavimento, en una primera etapa, con desag\u00fces e iluminaci\u00f3n en la Avenida Espa\u00f1a. Una obra que tiene proyecci\u00f3n de llegar hasta la 51, ya que es un punto de conexi\u00f3n importante entre los barrios del este y la zona Norte con el centro de la ciudad. \u201cFelices porque hoy estamos conectando, hoy estamos uniendo, pero tambi\u00e9n porque damos valor a la palabra. Le pusimos plazo para mediados de abril, sin embargo, en el inicio de este mes ya la estamos inaugurando; en un plan de estado que respeta a los gobiernos locales, mejoran el perfil urbano e impulsa la calidad de vida de los vecinos\u201d- se\u00f1al\u00f3 el primer mandatario provincial.<\/em><\/p>\n\n\n\n<p><em>\u201dDE NINGUNA MANERA VAMOS A PERMITIR EL DESPILFARRO\u201d<\/em><br>Sobre las obras que se lleva adelante en la provincia, el gobernador Zdero, durante el uso de la palabra, frente a los vecinos remarc\u00f3: \u201cNosotros estamos administrando en un tiempo muy complejo y dif\u00edcil, pero lo estamos haciendo con determinaci\u00f3n, cuidando los recursos de los chaque\u00f1os. De ninguna manera vamos a permitir el despilfarro del dinero p\u00fablico, por eso, cada obra que la comenzamos la terminamos, cada obra que hab\u00eda en la provincia, asumimos el compromiso de hacerlas <em>porque son de los chaque\u00f1os y no de una gesti\u00f3n.<\/em> Es cierto que hay muchas que pudimos terminar en 2024, y vale la pena aclarar a los chaque\u00f1os que no solo se terminaron con la parte que faltaba, esas obras hab\u00eda que pagar la deuda que nos dejaron, redeterminar los precios y luego, terminarlas. As\u00ed lo estamos haciendo, con los recursos de los chaque\u00f1os, paso a paso sin que nadie nos diga lo que hay que hacer, porque tenemos un plan de estado que va a trascender esta gesti\u00f3n y siempre lo haremos en beneficio de todos los chaque\u00f1os\u201d.<\/p>\n\n\n\n<p><em>DETALLES DE ESTA OBRA<\/em><br>La obra consisti\u00f3 en la construcci\u00f3n de 4711 m2 de pavimento<br>r\u00edgido, con un ancho total de 8,34 m. Incluy\u00f3 la ejecuci\u00f3n de<br>una calzada de hormig\u00f3n simple de 8,34 metros de ancho<br>total y 0,18 metros de espesor, totalizando 4711 m2 incluyendo adem\u00e1s cordones integrales de perfil recto.<br>Se ejecutar\u00e1n relleno y compactaci\u00f3n especial para alcanzar el<br>nivel de subrasante, lo cual incluye provisi\u00f3n y transporte de<br>suelo de ser necesario.<br>El paquete estructural estar\u00e1 compuesto por:<\/p>\n\n\n\n<ul class=\"wp-block-list\">\n<li>El n\u00facleo de suelo compactado,<\/li>\n\n\n\n<li>Base de R.D.C. 150 en 0,11 m de espesor y 8,94 m de<br>ancho.<\/li>\n\n\n\n<li>Polipropileno de 200 micrones.<\/li>\n\n\n\n<li>Una capa de hormig\u00f3n simple tipo H-30 de 0,18 m de<br>espesor y 8,34 m de ancho con cord\u00f3n integral.<br>Como obra complementaria se prev\u00e9 el saneamiento de los<br>canales a cielo abierto existentes en dicha zona.<\/li>\n<\/ul>\n\n\n\n<p><em>Acompa\u00f1aron en este acto, autoridades provinciales, municipales y vecinos de S\u00e1enz Pe\u00f1a, como as\u00ed tambi\u00e9n, de zonas aleda\u00f1as.<\/em><\/p>\n","protected":false},"excerpt":{"rendered":"<p>El gobernador Leandro Zdero, inaugur\u00f3 este s\u00e1bado, en la ciudad de S\u00e1enz Pe\u00f1a, junto al ministro de infraestructura Hugo Dom\u00ednguez y al intendente, Bruno Cipolini, nuevas cuadras de pavimento, en una primera etapa, con desag\u00fces e iluminaci\u00f3n en la Avenida Espa\u00f1a. Una obra que tiene proyecci\u00f3n de llegar hasta la 51, ya que es un [&hellip;]<\/p>\n","protected":false},"author":2,"featured_media":5351,"comment_status":"open","ping_status":"open","sticky":false,"template":"","format":"standard","meta":{"footnotes":""},"categories":[1,27],"tags":[],"class_list":{"0":"post-5350","1":"post","2":"type-post","3":"status-publish","4":"format-standard","5":"has-post-thumbnail","7":"category-blog","8":"category-interior"},"aioseo_notices":[],"_links":{"self":[{"href":"https:\/\/lalupa24.com.ar\/index.php\/wp-json\/wp\/v2\/posts\/5350","targetHints":{"allow":["GET"]}}],"collection":[{"href":"https:\/\/lalupa24.com.ar\/index.php\/wp-json\/wp\/v2\/posts"}],"about":[{"href":"https:\/\/lalupa24.com.ar\/index.php\/wp-json\/wp\/v2\/types\/post"}],"author":[{"embeddable":true,"href":"https:\/\/lalupa24.com.ar\/index.php\/wp-json\/wp\/v2\/users\/2"}],"replies":[{"embeddable":true,"href":"https:\/\/lalupa24.com.ar\/index.php\/wp-json\/wp\/v2\/comments?post=5350"}],"version-history":[{"count":1,"href":"https:\/\/lalupa24.com.ar\/index.php\/wp-json\/wp\/v2\/posts\/5350\/revisions"}],"predecessor-version":[{"id":5352,"href":"https:\/\/lalupa24.com.ar\/index.php\/wp-json\/wp\/v2\/posts\/5350\/revisions\/5352"}],"wp:featuredmedia":[{"embeddable":true,"href":"https:\/\/lalupa24.com.ar\/index.php\/wp-json\/wp\/v2\/media\/5351"}],"wp:attachment":[{"href":"https:\/\/lalupa24.com.ar\/index.php\/wp-json\/wp\/v2\/media?parent=5350"}],"wp:term":[{"taxonomy":"category","embeddable":true,"href":"https:\/\/lalupa24.com.ar\/index.php\/wp-json\/wp\/v2\/categories?post=5350"},{"taxonomy":"post_tag","embeddable":true,"href":"https:\/\/lalupa24.com.ar\/index.php\/wp-json\/wp\/v2\/tags?post=5350"}],"curies":[{"name":"wp","href":"https:\/\/api.w.org\/{rel}","templated":true}]}}