{"id":5356,"date":"2025-04-05T17:16:45","date_gmt":"2025-04-05T20:16:45","guid":{"rendered":"https:\/\/lalupa24.com.ar\/?p=5356"},"modified":"2025-04-05T17:16:47","modified_gmt":"2025-04-05T20:16:47","slug":"la-municipalidad-arreglo-el-semaforo-de-av-chaco-y-piacentini","status":"publish","type":"post","link":"https:\/\/lalupa24.com.ar\/index.php\/2025\/04\/05\/la-municipalidad-arreglo-el-semaforo-de-av-chaco-y-piacentini\/","title":{"rendered":"La municipalidad arregl\u00f3 el sem\u00e1foro de av chaco y piacentini"},"content":{"rendered":"\n<p><\/p>\n\n\n\n<p>La Municipalidad de Resistencia, a trav\u00e9s de la Direcci\u00f3n de Electromec\u00e1nica, realiz\u00f3 la reparaci\u00f3n del sem\u00e1foro que se encuentra ubicado en la intersecci\u00f3n de las avenidas Chaco y Piacentini.<\/p>\n\n\n\n<p>Dicha tarea tuvo lugar este viernes y se realiz\u00f3 con la mayor celeridad posible ante el reconocimiento de que se trata de un punto muy transitado de la ciudad; situaci\u00f3n que gener\u00f3 el pedido reiterado de vecinos para que se pudiera resolver la situaci\u00f3n.<\/p>\n\n\n\n<p>Este importante elemento de seguridad vial ven\u00eda sufriendo desperfectos que lo hab\u00edan dejado fuera de servicio; situaci\u00f3n que se desat\u00f3 ante las complicaciones experimentadas por el servicio nacional de energ\u00eda el\u00e9ctrica durante los calurosos meses que pasamos.<\/p>\n\n\n\n<p>Tras sortear algunas complicaciones para acceder a los repuestos necesarios, se pudieron reemplazar las plaquetas y controladores que se hab\u00edan quemado por las fluctuaciones de tensi\u00f3n para dejar el equipo en pleno funcionamiento.<\/p>\n\n\n\n<p>Los t\u00e9cnicos de la municipalidad se\u00f1alan que se toman resguardos especiales debido a que las fluctuaciones contin\u00faan y este tipo de complicaciones pueden volver a repetirse.<\/p>\n","protected":false},"excerpt":{"rendered":"<p>La Municipalidad de Resistencia, a trav\u00e9s de la Direcci\u00f3n de Electromec\u00e1nica, realiz\u00f3 la reparaci\u00f3n del sem\u00e1foro que se encuentra ubicado en la intersecci\u00f3n de las avenidas Chaco y Piacentini. Dicha tarea tuvo lugar este viernes y se realiz\u00f3 con la mayor celeridad posible ante el reconocimiento de que se trata de un punto muy transitado [&hellip;]<\/p>\n","protected":false},"author":2,"featured_media":5357,"comment_status":"open","ping_status":"open","sticky":false,"template":"","format":"standard","meta":{"footnotes":""},"categories":[28],"tags":[],"class_list":{"0":"post-5356","1":"post","2":"type-post","3":"status-publish","4":"format-standard","5":"has-post-thumbnail","7":"category-locales"},"aioseo_notices":[],"_links":{"self":[{"href":"https:\/\/lalupa24.com.ar\/index.php\/wp-json\/wp\/v2\/posts\/5356","targetHints":{"allow":["GET"]}}],"collection":[{"href":"https:\/\/lalupa24.com.ar\/index.php\/wp-json\/wp\/v2\/posts"}],"about":[{"href":"https:\/\/lalupa24.com.ar\/index.php\/wp-json\/wp\/v2\/types\/post"}],"author":[{"embeddable":true,"href":"https:\/\/lalupa24.com.ar\/index.php\/wp-json\/wp\/v2\/users\/2"}],"replies":[{"embeddable":true,"href":"https:\/\/lalupa24.com.ar\/index.php\/wp-json\/wp\/v2\/comments?post=5356"}],"version-history":[{"count":1,"href":"https:\/\/lalupa24.com.ar\/index.php\/wp-json\/wp\/v2\/posts\/5356\/revisions"}],"predecessor-version":[{"id":5358,"href":"https:\/\/lalupa24.com.ar\/index.php\/wp-json\/wp\/v2\/posts\/5356\/revisions\/5358"}],"wp:featuredmedia":[{"embeddable":true,"href":"https:\/\/lalupa24.com.ar\/index.php\/wp-json\/wp\/v2\/media\/5357"}],"wp:attachment":[{"href":"https:\/\/lalupa24.com.ar\/index.php\/wp-json\/wp\/v2\/media?parent=5356"}],"wp:term":[{"taxonomy":"category","embeddable":true,"href":"https:\/\/lalupa24.com.ar\/index.php\/wp-json\/wp\/v2\/categories?post=5356"},{"taxonomy":"post_tag","embeddable":true,"href":"https:\/\/lalupa24.com.ar\/index.php\/wp-json\/wp\/v2\/tags?post=5356"}],"curies":[{"name":"wp","href":"https:\/\/api.w.org\/{rel}","templated":true}]}}