{"id":540,"date":"2024-02-15T14:51:15","date_gmt":"2024-02-15T17:51:15","guid":{"rendered":"https:\/\/lalupa24.com.ar\/?p=540"},"modified":"2024-03-11T15:02:19","modified_gmt":"2024-03-11T18:02:19","slug":"uncaus-amplia-tareas-de-participacion-en-materia-de-seguridad-y-prevencion","status":"publish","type":"post","link":"https:\/\/lalupa24.com.ar\/index.php\/2024\/02\/15\/uncaus-amplia-tareas-de-participacion-en-materia-de-seguridad-y-prevencion\/","title":{"rendered":"UNCAUS amplia tareas de participaci\u00f3n en materia de seguridad y prevenci\u00f3n"},"content":{"rendered":"\n<p>En la ma\u00f1ana de ayer&nbsp; se llev\u00f3 a cabo en las instalaciones de la Universidad Nacional del Chaco Austral, una reuni\u00f3n donde el Rector Germ\u00e1n Oestmann, vecinos que integran el Foro de Seguridad, autoridades de la Comisar\u00eda Segunda y el Jefe del Departamento 911 de la localidad de Roque S\u00e1enz Pe\u00f1a para abordar medidas preventivas de cara al comienzo del ciclo lectivo 2024.<\/p>\n\n\n\n<p>El Rector Germ\u00e1n Oestmann manifest\u00f3 que en esta primera reuni\u00f3n del a\u00f1o, establecieron un mapa del delito que refleja los lugares donde los estudiantes universitarios fueron v\u00edctimas de la inseguridad; &#8220;notamos una muy buena predisposici\u00f3n de las autoridades policiales y un gran trabajo de los vecinos que est\u00e1n muy comprometidos con la seguridad&#8221; expres\u00f3 el Rector Oestmann<\/p>\n\n\n\n<p>Agreg\u00f3, &#8220;nos pareci\u00f3 muy importante esta jornada preventiva que da lugar a una charla, que vamos a tener con los estudiantes de las distintas carreras de toda la universidad donde se van a plantear tips y medidas que son de car\u00e1cter preventivo que atienden a evitar que sean v\u00edctimas de posibles delitos y adem\u00e1s contemplar como se desarroll\u00f3 el funcionamiento del espacio de seguridad y acompa\u00f1amiento a la v\u00edctima de alg\u00fan tipo de delito donde se los ayuda a realizar y formalizar una denuncia&#8221;<\/p>\n\n\n\n<p>Adem\u00e1s el rector hizo hincapi\u00e9, que desde la universidad tienen cuantificados e identificados los delitos de los que son v\u00edctimas la poblaci\u00f3n Estudiantil.<\/p>\n\n\n\n<p>Remarcando que fue muy importante este encuentro para fortalecer el di\u00e1logo entre todas las partes y de esta manera los estudiantes universitarios tengan la certeza que se est\u00e1 trabajando en su seguridad y con canales de di\u00e1logo abiertos para recibir sus demandas.<\/p>\n\n\n\n<p>Por su parte, el se\u00f1or Rene Chavez Presidente del Foro de Seguridad de la Comisar\u00eda Segunda, remarc\u00f3 la importancia de que el Rector conozca las estrategias que se desarrollan en las distintas \u00e1reas de la Polic\u00eda local y escuchar las sugerencias que permitan completar el trabajo de ambas instituciones, polic\u00eda y universidad, para contrarrestar el tema de la inseguridad. Teniendo en cuenta la gran cantidad de alumnos nuevos que  vienen de otras comunidades donde su forma de vida es totalmente distinta a la de S\u00e1enz Pe\u00f1a, y es necesario que conozcan y sepan sobre algunas cuestiones con el fin de evitar que sean v\u00edctimas de alg\u00fan delito. <\/p>\n\n\n\n<p>Algo muy importante que se trat\u00f3 en esta reuni\u00f3n es sobre la formaci\u00f3n de los foros estudiantiles de seguridad con el fin de tener comunicaci\u00f3n directa con las autoridades policiales, ampliando de esta manera el di\u00e1logo.<\/p>\n\n\n\n<p>As\u00ed mismo el Comisario Principal Javier Cordoba Jefe del Departamento 911, indic\u00f3 que en esta primera reuni\u00f3n se estableci\u00f3 la forma de trabajo para prevenir delitos y explicar a los estudiantes que ingresan a la universidad de c\u00f3mo cuidarse con el objetivo de evitar de esta manera el riesgo de sufrir hechos delictivos. &amp;quot;Este a\u00f1o vamos a implementar a trav\u00e9s del rectorado, una reuni\u00f3n con los chicos de todas las carreras para brindarle charlas y trabajar sobre ellos el sistema de prevenci\u00f3n que se pueda aplicar&amp;quot; manifest\u00f3 el Comisario.<\/p>\n\n\n\n<p>Destac\u00f3 adem\u00e1s el Jefe policial que la implementaci\u00f3n de grupos de WhatsApp de los estudiantes con las distintas \u00e1reas de la universidad est\u00e1 siendo muy \u00fatil ya que la informaci\u00f3n captada por la universidad es mucho mejor porque es transmitida de una manera diferente ya que muchas veces los chicos no quieren realizar la denuncia ante la policial, pero al ser transmitida en ese grupo se canaliza a las autoridades y se trabaja para mejorar el servicio.<\/p>\n","protected":false},"excerpt":{"rendered":"<p>En la ma\u00f1ana de ayer&nbsp; se llev\u00f3 a cabo en las instalaciones de la Universidad Nacional del Chaco Austral, una reuni\u00f3n donde el Rector Germ\u00e1n Oestmann, vecinos que integran el Foro de Seguridad, autoridades de la Comisar\u00eda Segunda y el Jefe del Departamento 911 de la localidad de Roque S\u00e1enz Pe\u00f1a para abordar medidas preventivas [&hellip;]<\/p>\n","protected":false},"author":2,"featured_media":541,"comment_status":"open","ping_status":"open","sticky":false,"template":"","format":"standard","meta":{"footnotes":""},"categories":[27],"tags":[],"class_list":{"0":"post-540","1":"post","2":"type-post","3":"status-publish","4":"format-standard","5":"has-post-thumbnail","7":"category-interior"},"aioseo_notices":[],"_links":{"self":[{"href":"https:\/\/lalupa24.com.ar\/index.php\/wp-json\/wp\/v2\/posts\/540","targetHints":{"allow":["GET"]}}],"collection":[{"href":"https:\/\/lalupa24.com.ar\/index.php\/wp-json\/wp\/v2\/posts"}],"about":[{"href":"https:\/\/lalupa24.com.ar\/index.php\/wp-json\/wp\/v2\/types\/post"}],"author":[{"embeddable":true,"href":"https:\/\/lalupa24.com.ar\/index.php\/wp-json\/wp\/v2\/users\/2"}],"replies":[{"embeddable":true,"href":"https:\/\/lalupa24.com.ar\/index.php\/wp-json\/wp\/v2\/comments?post=540"}],"version-history":[{"count":1,"href":"https:\/\/lalupa24.com.ar\/index.php\/wp-json\/wp\/v2\/posts\/540\/revisions"}],"predecessor-version":[{"id":542,"href":"https:\/\/lalupa24.com.ar\/index.php\/wp-json\/wp\/v2\/posts\/540\/revisions\/542"}],"wp:featuredmedia":[{"embeddable":true,"href":"https:\/\/lalupa24.com.ar\/index.php\/wp-json\/wp\/v2\/media\/541"}],"wp:attachment":[{"href":"https:\/\/lalupa24.com.ar\/index.php\/wp-json\/wp\/v2\/media?parent=540"}],"wp:term":[{"taxonomy":"category","embeddable":true,"href":"https:\/\/lalupa24.com.ar\/index.php\/wp-json\/wp\/v2\/categories?post=540"},{"taxonomy":"post_tag","embeddable":true,"href":"https:\/\/lalupa24.com.ar\/index.php\/wp-json\/wp\/v2\/tags?post=540"}],"curies":[{"name":"wp","href":"https:\/\/api.w.org\/{rel}","templated":true}]}}