{"id":5428,"date":"2025-04-07T17:12:00","date_gmt":"2025-04-07T20:12:00","guid":{"rendered":"https:\/\/lalupa24.com.ar\/?p=5428"},"modified":"2025-04-08T09:13:45","modified_gmt":"2025-04-08T12:13:45","slug":"coordinan-acciones-conjuntas-entre-el-poder-legislativo-y-la-ucp","status":"publish","type":"post","link":"https:\/\/lalupa24.com.ar\/index.php\/2025\/04\/07\/coordinan-acciones-conjuntas-entre-el-poder-legislativo-y-la-ucp\/","title":{"rendered":"Coordinan acciones conjuntas entre el Poder Legislativo y la UCP"},"content":{"rendered":"\n<p>La Presidente del Poder Legislativo, Carmen Delgado, recibi\u00f3 a la Dra. Ing. Martina J. Perduca. Decana de la Facultad de Ingenier\u00eda, Tecnolog\u00eda y Arquitectura de la Universidad de la Cuenca del Plata; &nbsp;el Delegado de la Sede Resistencia, Esp. Ignacio Zarate; y la Prof. Natalia Valenzuela, Secretaria de Relaciones Institucionales. La reuni\u00f3n tuvo como objeto la coordinaci\u00f3n de acciones entre la casa de altos estudios y la C\u00e1mara de Diputados.<\/p>\n\n\n\n<p>La Decana se\u00f1al\u00f3: \u201cla intenci\u00f3n es trabajar en distintas acciones colaborativas entre la Universidad y el Poder Legislativo, en primera instancia en capacitaciones o servicios desde la Universidad para el personal del Poder, y tambi\u00e9n avanzar en lo que tiene que ver con convenios de pr\u00e1ctica profesional supervisada y pasant\u00edas rentadas para los alumnos de las distintas unidades acad\u00e9micas\u201d.<\/p>\n\n\n\n<p>\u201cEn particular hoy represento a la Facultad de Ingenier\u00eda, Tecnolog\u00eda y Arquitectura con algunas vinculaciones espec\u00edficas en lo que es la Licenciatura en Dise\u00f1o Gr\u00e1fico y Multimedia -explic\u00f3 la Dra. Perduca- &nbsp;pero esto no es exclusivo de esta Facultad o esta unidad acad\u00e9mica, sino que se va a extender a otras carreras que nosotros tenemos en la Universidad, para poder brindar el servicio que nos est\u00e1 demandando en este caso el Poder Legislativo de la provincia\u201d.<\/p>\n","protected":false},"excerpt":{"rendered":"<p>La Presidente del Poder Legislativo, Carmen Delgado, recibi\u00f3 a la Dra. Ing. Martina J. Perduca. Decana de la Facultad de Ingenier\u00eda, Tecnolog\u00eda y Arquitectura de la Universidad de la Cuenca del Plata; &nbsp;el Delegado de la Sede Resistencia, Esp. Ignacio Zarate; y la Prof. Natalia Valenzuela, Secretaria de Relaciones Institucionales. La reuni\u00f3n tuvo como objeto [&hellip;]<\/p>\n","protected":false},"author":2,"featured_media":5429,"comment_status":"open","ping_status":"open","sticky":false,"template":"","format":"standard","meta":{"footnotes":""},"categories":[28],"tags":[],"class_list":{"0":"post-5428","1":"post","2":"type-post","3":"status-publish","4":"format-standard","5":"has-post-thumbnail","7":"category-locales"},"aioseo_notices":[],"_links":{"self":[{"href":"https:\/\/lalupa24.com.ar\/index.php\/wp-json\/wp\/v2\/posts\/5428","targetHints":{"allow":["GET"]}}],"collection":[{"href":"https:\/\/lalupa24.com.ar\/index.php\/wp-json\/wp\/v2\/posts"}],"about":[{"href":"https:\/\/lalupa24.com.ar\/index.php\/wp-json\/wp\/v2\/types\/post"}],"author":[{"embeddable":true,"href":"https:\/\/lalupa24.com.ar\/index.php\/wp-json\/wp\/v2\/users\/2"}],"replies":[{"embeddable":true,"href":"https:\/\/lalupa24.com.ar\/index.php\/wp-json\/wp\/v2\/comments?post=5428"}],"version-history":[{"count":1,"href":"https:\/\/lalupa24.com.ar\/index.php\/wp-json\/wp\/v2\/posts\/5428\/revisions"}],"predecessor-version":[{"id":5430,"href":"https:\/\/lalupa24.com.ar\/index.php\/wp-json\/wp\/v2\/posts\/5428\/revisions\/5430"}],"wp:featuredmedia":[{"embeddable":true,"href":"https:\/\/lalupa24.com.ar\/index.php\/wp-json\/wp\/v2\/media\/5429"}],"wp:attachment":[{"href":"https:\/\/lalupa24.com.ar\/index.php\/wp-json\/wp\/v2\/media?parent=5428"}],"wp:term":[{"taxonomy":"category","embeddable":true,"href":"https:\/\/lalupa24.com.ar\/index.php\/wp-json\/wp\/v2\/categories?post=5428"},{"taxonomy":"post_tag","embeddable":true,"href":"https:\/\/lalupa24.com.ar\/index.php\/wp-json\/wp\/v2\/tags?post=5428"}],"curies":[{"name":"wp","href":"https:\/\/api.w.org\/{rel}","templated":true}]}}