{"id":5431,"date":"2025-04-08T09:20:08","date_gmt":"2025-04-08T12:20:08","guid":{"rendered":"https:\/\/lalupa24.com.ar\/?p=5431"},"modified":"2025-04-08T09:20:09","modified_gmt":"2025-04-08T12:20:09","slug":"zdero-inauguro-el-edificio-propio-del-ispea-en-resistencia","status":"publish","type":"post","link":"https:\/\/lalupa24.com.ar\/index.php\/2025\/04\/08\/zdero-inauguro-el-edificio-propio-del-ispea-en-resistencia\/","title":{"rendered":"Zdero inaugur\u00f3 el edificio propio del ISPEA en resistencia"},"content":{"rendered":"\n<p><br><\/p>\n\n\n\n<p><em>En este marco, el mandatario junto a la ministra Naidenoff, dio inicio al ciclo lectivo del Nivel Superior de la instituci\u00f3n que tras 53 a\u00f1os de espera, funcionar\u00e1 en su propio edificio totalmente equipado y que estar\u00e1 ubicado en avenida Evaristo Ram\u00edrez 1100, de Resistencia.<\/em><\/p>\n\n\n\n<p>El gobernador Leandro Zdero inaugur\u00f3 este lunes el edificio propio del Instituto Superior del Profesorado de Educaci\u00f3n Art\u00edstica &#8220;Mar\u00eda Ang\u00e9lica Pellegrini&#8221; (ISPEA) totalmente equipado y, acompa\u00f1ado por la ministra de Educaci\u00f3n, Sof\u00eda Naidenoff, dio inicio al ciclo lectivo del Nivel Superior de la instituci\u00f3n. De esta forma, luego de 53 a\u00f1os, ISPEA contar\u00e1 con su propio espacio para continuar desarrollando carreras art\u00edsticas.<br>\u201cHoy, disfrutando de esta casa, su hogar, en el que seguramente la lucha de tantos a\u00f1os permiti\u00f3 la concreci\u00f3n de una obra tan esperada, pero que ser\u00e1 refugio de todas y cada una de las actividades que se realizan\u201d, dijo Zdero sobre el edificio de ISPEA ubicado en Evaristo Ram\u00edrez 1100 y donde a partir de ahora, se dictar\u00e1n las carreras de formaci\u00f3n docente como de tecnicaturas art\u00edsticas, adem\u00e1s de la ense\u00f1anza danza, folklore, tango, expresi\u00f3n corporal y teatro. ISPEA actualmente cuenta con aproximadamente 120 docentes y 1300 alumnos.<br>El mandatario provincial dijo que sobre ISPEA \u201cten\u00edamos una mirada especial\u201d y record\u00f3 que esta obra fue un compromiso asumido antes de ser gobernador, tras tomar conocimiento de que la obra estaba paralizada y ante un contexto econ\u00f3mico dif\u00edcil, la obra pudo ser finalizada. Por ello, agradeci\u00f3 al Gobierno Nacional, a FONPLATA que permiti\u00f3 lograr finalizar con la obra y dirigi\u00e9ndose a alumnos y docentes, los invit\u00f3 a \u201cdisfrutar de esta maravillosa obra, que la reciban con mucho honor, orgullo, porque es la lucha de ustedes, sus sue\u00f1os y el anhelo que hoy han tenido la posibilidad de lograrlo\u201d, finaliz\u00f3.<br>Adem\u00e1s, se hizo entrega de 60 pupitres escolares, 136 sillas escolares, 6 mesas multiprop\u00f3sito para 6 sillas, 8 mesas de lectura para 4 sillas, 8 escritorios docentes, 8 sillas docentes tapizadas, 8 armarios met\u00e1licos y 6 estanter\u00edas met\u00e1licas.<br>A su turno, Naidenoff expres\u00f3 su alegr\u00eda ante la inauguraci\u00f3n \u201cdespu\u00e9s de tantos a\u00f1os de lucha, estar en tu propia casa con espacios adecuados para trabajar, es un logro de verdad que se deben a ustedes mismos porque nunca dejaron la lucha y es un reconocimiento al gobernador tambi\u00e9n, porque esta obra ha estado en la lista de prioridades del Gobierno por lo que\u201d, dijo.<br>Naidenoff inst\u00f3 a rever la formaci\u00f3n docente, ya que \u201cellos deben ense\u00f1ar a ni\u00f1os, adolescentes, adultos a ser seres libres y pensantes\u201d, agreg\u00f3. Por \u00faltimo, la ministra anunci\u00f3 que habr\u00e1 programas y becas internacionales para formar docentes este a\u00f1o, de acuerdo a las prioridades fijadas por el Gobernador y la Naci\u00f3n.<br>Participaron la subsecretaria de Educaci\u00f3n, Isabel Sanchuk, el secretario legal y t\u00e9cnico, Julio Ferro; el presidente del Instituto de Cultura, Mario Zorrilla; el secretario coordinador de gabinete, Livio Guti\u00e9rrez; la rectora de ISPEA Danza y Teatro, Cecilia Silgueiro, la diputada provincial Laura Bissoni; funcionarios provinciales, alumnos de ISPEA, entre otros.<br>La rectora de ISPEA, Cecilia Silgueiro, agradeci\u00f3 la presencia del Gobernador y las autoridades en lo que defini\u00f3 como \u201cun momento hist\u00f3rico\u201d, remarcando que \u201cdespu\u00e9s de 53 a\u00f1os de espera, nuestro instituto finalmente tiene un hogar propio un espacio donde podremos seguir creciendo aprendiendo y compartiendo nuestra pasi\u00f3n por el arte y la educaci\u00f3n\u201d. En ese sentido, asegur\u00f3 que ese logro \u201cno hubiera sido posible sin el apoyo del Provincial y sin el esfuerzo y dedicaci\u00f3n de generaciones de directivos docentes, alumnos e integrantes de la Asociaci\u00f3n Cooperadora que hemos luchado incansablemente para hacer realidad este sue\u00f1o\u201d, concluy\u00f3.<\/p>\n","protected":false},"excerpt":{"rendered":"<p>En este marco, el mandatario junto a la ministra Naidenoff, dio inicio al ciclo lectivo del Nivel Superior de la instituci\u00f3n que tras 53 a\u00f1os de espera, funcionar\u00e1 en su propio edificio totalmente equipado y que estar\u00e1 ubicado en avenida Evaristo Ram\u00edrez 1100, de Resistencia. El gobernador Leandro Zdero inaugur\u00f3 este lunes el edificio propio [&hellip;]<\/p>\n","protected":false},"author":2,"featured_media":5432,"comment_status":"open","ping_status":"open","sticky":false,"template":"","format":"standard","meta":{"footnotes":""},"categories":[28],"tags":[],"class_list":{"0":"post-5431","1":"post","2":"type-post","3":"status-publish","4":"format-standard","5":"has-post-thumbnail","7":"category-locales"},"aioseo_notices":[],"_links":{"self":[{"href":"https:\/\/lalupa24.com.ar\/index.php\/wp-json\/wp\/v2\/posts\/5431","targetHints":{"allow":["GET"]}}],"collection":[{"href":"https:\/\/lalupa24.com.ar\/index.php\/wp-json\/wp\/v2\/posts"}],"about":[{"href":"https:\/\/lalupa24.com.ar\/index.php\/wp-json\/wp\/v2\/types\/post"}],"author":[{"embeddable":true,"href":"https:\/\/lalupa24.com.ar\/index.php\/wp-json\/wp\/v2\/users\/2"}],"replies":[{"embeddable":true,"href":"https:\/\/lalupa24.com.ar\/index.php\/wp-json\/wp\/v2\/comments?post=5431"}],"version-history":[{"count":1,"href":"https:\/\/lalupa24.com.ar\/index.php\/wp-json\/wp\/v2\/posts\/5431\/revisions"}],"predecessor-version":[{"id":5433,"href":"https:\/\/lalupa24.com.ar\/index.php\/wp-json\/wp\/v2\/posts\/5431\/revisions\/5433"}],"wp:featuredmedia":[{"embeddable":true,"href":"https:\/\/lalupa24.com.ar\/index.php\/wp-json\/wp\/v2\/media\/5432"}],"wp:attachment":[{"href":"https:\/\/lalupa24.com.ar\/index.php\/wp-json\/wp\/v2\/media?parent=5431"}],"wp:term":[{"taxonomy":"category","embeddable":true,"href":"https:\/\/lalupa24.com.ar\/index.php\/wp-json\/wp\/v2\/categories?post=5431"},{"taxonomy":"post_tag","embeddable":true,"href":"https:\/\/lalupa24.com.ar\/index.php\/wp-json\/wp\/v2\/tags?post=5431"}],"curies":[{"name":"wp","href":"https:\/\/api.w.org\/{rel}","templated":true}]}}