{"id":5443,"date":"2025-04-08T11:55:10","date_gmt":"2025-04-08T14:55:10","guid":{"rendered":"https:\/\/lalupa24.com.ar\/?p=5443"},"modified":"2025-04-08T11:55:10","modified_gmt":"2025-04-08T14:55:10","slug":"la-cgt-ratifico-que-manana-va-a-marchar-junto-a-los-jubilados-aunque-haya-protocolo-antipiquetes","status":"publish","type":"post","link":"https:\/\/lalupa24.com.ar\/index.php\/2025\/04\/08\/la-cgt-ratifico-que-manana-va-a-marchar-junto-a-los-jubilados-aunque-haya-protocolo-antipiquetes\/","title":{"rendered":"La CGT ratific\u00f3 que ma\u00f1ana va a marchar junto a los jubilados &#8220;aunque haya protocolo antipiquetes&#8221;"},"content":{"rendered":"\n<p>\u201cVamos a marchar igual&#8221; enfatiz\u00f3 Octavio Arg\u00fcello, cosecretario general de la central obrera y dirigente del gremio de Camioneros.<\/p>\n\n\n\n<p>El cosecretario general de la CGT, Octavio Arg\u00fcello (Camioneros), ratific\u00f3 hoy que la central obrera \u201cva a marchar\u201d ma\u00f1ana junto a los jubilados al Congreso, independientemente del operativo de seguridad que se ponga en marcha por la Polic\u00eda de la Ciudad o por fuerzas federales.<\/p>\n\n\n\n<p>\u201cVamos a marchar igual, aunque haya protocolo antipiquetes\u201d enfatiz\u00f3 Arg\u00fcello esta ma\u00f1ana en declaraciones al programa \u201cSin corbata\u201d, que se emite por Radio Splendid.<\/p>\n\n\n\n<p>El sindicalista, quien reemplaz\u00f3 en diciembre \u00faltimo a Pablo Moyano en el triunvirato que conduce la CGT, afirm\u00f3 que intentar impedir la protesta social es \u201cuna locura\u201d, y critic\u00f3 a la ministra de Seguridad Nacional, Patricia Bullrich.<\/p>\n\n\n\n<p>\u201cLa ministra de Seguridad no puede actuar en el \u00e1mbito de la Capital Federal, no est\u00e1 habilitada para poner todas las fuerzas represivas que acostumbra poner, porque en la Capital hay una fuerza para actuar\u201d, dijo en alusi\u00f3n a la Polic\u00eda de la Ciudad.<\/p>\n\n\n\n<p>Arg\u00fcello explic\u00f3 que debido a esto la CGT impuls\u00f3 un \u201crecurso de amparo\u201d presentado por el sindicato de Judiciales que conduce Julio Piumato, junto a la Uni\u00f3n de Trabajadores de la Econom\u00eda Popular (UTEP) que lidera el dirigente Juan Grabois.<\/p>\n\n\n\n<p>El recurso fue aceptado en un fallo del juez Roberto Gallardo y se encuentra apelado por el Gobierno de la Ciudad, que pidi\u00f3 su nulidad, al tiempo que el Ministerio que encabeza Bullrich present\u00f3 un pedido de juicio pol\u00edtico contra el magistrado.<\/p>\n\n\n\n<p>Arg\u00fcello ironiz\u00f3 se\u00f1alando que \u201cya sabemos qui\u00e9n es Patricia Bullrich tiene una larga historia\u201d, y recalc\u00f3: \u201cMe pregunto c\u00f3mo puede seguir estando en un cargo, hace 40 a\u00f1os que vive del Estado\u201d.<\/p>\n\n\n\n<p>\u201cTodos los d\u00edas hay despidos, no solo en el Estado sino tambi\u00e9n en las empresas privadas\u201d, asever\u00f3, y enfatiz\u00f3 que desde el Gobierno nacional \u201cest\u00e1n encaprichados en pisar los aumentos (de sueldos), como parte de una pol\u00edtica de salarios a la baja\u201d.<\/p>\n\n\n\n<p>El gremialista camionero sostuvo que \u201cel Presidente no entra en razones y esto se va a profundizar, porque estamos en una situaci\u00f3n muy dif\u00edcil y el que siempre paga las consecuencias es el pueblo\u201d, subray\u00f3.<\/p>\n","protected":false},"excerpt":{"rendered":"<p>\u201cVamos a marchar igual&#8221; enfatiz\u00f3 Octavio Arg\u00fcello, cosecretario general de la central obrera y dirigente del gremio de Camioneros. El cosecretario general de la CGT, Octavio Arg\u00fcello (Camioneros), ratific\u00f3 hoy que la central obrera \u201cva a marchar\u201d ma\u00f1ana junto a los jubilados al Congreso, independientemente del operativo de seguridad que se ponga en marcha por [&hellip;]<\/p>\n","protected":false},"author":11,"featured_media":5444,"comment_status":"open","ping_status":"open","sticky":false,"template":"","format":"standard","meta":{"footnotes":""},"categories":[26],"tags":[],"class_list":{"0":"post-5443","1":"post","2":"type-post","3":"status-publish","4":"format-standard","5":"has-post-thumbnail","7":"category-nacionales"},"aioseo_notices":[],"_links":{"self":[{"href":"https:\/\/lalupa24.com.ar\/index.php\/wp-json\/wp\/v2\/posts\/5443","targetHints":{"allow":["GET"]}}],"collection":[{"href":"https:\/\/lalupa24.com.ar\/index.php\/wp-json\/wp\/v2\/posts"}],"about":[{"href":"https:\/\/lalupa24.com.ar\/index.php\/wp-json\/wp\/v2\/types\/post"}],"author":[{"embeddable":true,"href":"https:\/\/lalupa24.com.ar\/index.php\/wp-json\/wp\/v2\/users\/11"}],"replies":[{"embeddable":true,"href":"https:\/\/lalupa24.com.ar\/index.php\/wp-json\/wp\/v2\/comments?post=5443"}],"version-history":[{"count":1,"href":"https:\/\/lalupa24.com.ar\/index.php\/wp-json\/wp\/v2\/posts\/5443\/revisions"}],"predecessor-version":[{"id":5445,"href":"https:\/\/lalupa24.com.ar\/index.php\/wp-json\/wp\/v2\/posts\/5443\/revisions\/5445"}],"wp:featuredmedia":[{"embeddable":true,"href":"https:\/\/lalupa24.com.ar\/index.php\/wp-json\/wp\/v2\/media\/5444"}],"wp:attachment":[{"href":"https:\/\/lalupa24.com.ar\/index.php\/wp-json\/wp\/v2\/media?parent=5443"}],"wp:term":[{"taxonomy":"category","embeddable":true,"href":"https:\/\/lalupa24.com.ar\/index.php\/wp-json\/wp\/v2\/categories?post=5443"},{"taxonomy":"post_tag","embeddable":true,"href":"https:\/\/lalupa24.com.ar\/index.php\/wp-json\/wp\/v2\/tags?post=5443"}],"curies":[{"name":"wp","href":"https:\/\/api.w.org\/{rel}","templated":true}]}}