{"id":546,"date":"2024-03-11T15:19:12","date_gmt":"2024-03-11T18:19:12","guid":{"rendered":"https:\/\/lalupa24.com.ar\/?p=546"},"modified":"2024-03-11T15:19:13","modified_gmt":"2024-03-11T18:19:13","slug":"patricia-bullrich-no-vamos-a-dejar-que-rosario-sea-una-tierra-de-narcoterroristas","status":"publish","type":"post","link":"https:\/\/lalupa24.com.ar\/index.php\/2024\/03\/11\/patricia-bullrich-no-vamos-a-dejar-que-rosario-sea-una-tierra-de-narcoterroristas\/","title":{"rendered":"Patricia Bullrich \u201cNo vamos a dejar que Rosario sea una tierra de narcoterroristas\u201d"},"content":{"rendered":"\n<p>La Ministra de Seguridad, Dra. Patricia Bullrich, acompa\u00f1ada por su par, el Ministro de Defensa Luis Petri y del Gobernador de la provincia de Santa Fe, Maximiliano Pullaro y al Intendente de la Ciudad de Rosario, Pablo Javkin, brindaron una conferencia de prensa en donde detallaron las medidas que se tomar\u00e1n a partir de la implementaci\u00f3n del Comit\u00e9 de Crisis en la ciudad de Rosario, que tiene como fin restablecer la seguridad interior en la provincia y eliminar de ra\u00edz el accionar de bandas narcoterroristas.<\/p>\n\n\n\n<p>En el marco de las medidas a tomar, se prev\u00e9 el env\u00edo de la Ley Antibanda al Congreso, la erradicaci\u00f3n de armas y conformaci\u00f3n de equipos especiales de investigaci\u00f3n, adem\u00e1s de la saturaci\u00f3n en el territorio de fuerzas federales que arribar\u00e1n a partir de esta medianoche.<\/p>\n\n\n\n<p>La Ministra Bullrich asever\u00f3 que por pedido expreso del Presidente Javier Milei, llevar\u00e1 adelante junto al Ministerio de Defensa y las autoridades de la Provincia de Santa Fe, una lucha sin cuartel para que Rosario quede liberada de narcocriminales. As\u00ed, analizando la situaci\u00f3n existente, Bullrich destac\u00f3 que: \u201cTras la contracci\u00f3n concreta de la capacidad operacional del negocio [de las bandas narcocriminales] que provoc\u00f3 el \u201cOperativo Bandera, implementado entre enero y febrero, ahora estamos trabajando en un nuevo dise\u00f1o m\u00e1s fuerte, m\u00e1s a fondo de las acciones de seguridad para lograr el encerramiento de todos y cada uno de los miembros de estas bandas narcocriminales.\u201d<\/p>\n\n\n\n<p>En este contexto, inform\u00f3 la Ministra que: \u201cestamos enviando al Congreso de la Naci\u00f3n la Ley Antibanda que tipifica una nueva modalidad de persecuci\u00f3n penal sobre el crimen organizado&#8221;, mientras que \u201cvamos a pedirle a la justicia la utilizaci\u00f3n de la ley Antiterrorista\u201d y tambi\u00e9n \u201cmedidas excepcionales para que Rosario no sea la ciudad con m\u00e1s armas del pa\u00eds\u201d.<\/p>\n\n\n\n<p>Se le solicitar\u00e1 a la justicia celeridad, apoyo y compromiso en las intervenciones que tengan en causas vinculadas al avance del narcoterrorismo, ya que la ley antimafia que se enviar\u00e1 al Congreso prev\u00e9 que cada hecho delictivo sea enmarcado como un hecho terrorista.<\/p>\n\n\n\n<p>Desde el Ministerio de Seguridad, se prev\u00e9 la saturaci\u00f3n del territorio con efectivos de las fuerzas federales que comanda la Ministra, siendo que seg\u00fan lo inform\u00f3 la propia funcionaria se van a: \u201cincrementar operaciones de saturaci\u00f3n de 5 de la tarde a 7 de la ma\u00f1ana\u201d, adem\u00e1s de la conformaci\u00f3n de \u201cequipos especiales de investigaci\u00f3n junto a la justicia, para generar el mapa de la nueva estructura criminal\u201d, y \u201ctrabajar fuerte sobre el lavado dinero\u201d.<\/p>\n\n\n\n<p>La Ministra ratific\u00f3 una vez m\u00e1s su total compromiso con el cuidado de la seguridad de todos los ciudadanos, en especial la de los rosarinos, afirmando que: &#8220;Sabemos del sufrimiento que tiene Rosario. Por esto estamos trabajando en un nuevo dise\u00f1o m\u00e1s fuerte, m\u00e1s a fondo que va a llevar al acorralamiento y encerramiento de todos y cada uno de los miembros de estas bandas narcoterroristas, no vamos a dejar que Rosario sea una tierra de narcoterroristas.\u201d.<\/p>\n\n\n\n<p>Las medidas anunciadas incluyen acciones concretas de la intendencia, la gobernaci\u00f3n, el Ministerio de Seguridad y el de Defensa de la Naci\u00f3n, entre las que se encuadran las siguientes:<\/p>\n\n\n\n<p>En lo atinente al Ministerio de Seguridad, la Ministra ha informado las medidas y los resultados obtenidos, siendo:<\/p>\n\n\n\n<p>Los \u00faltimos d\u00edas de diciembre y en enero se trabaj\u00f3 con el Operativo Bandera, que involucr\u00f3 el despliegue de fuerzas federales, compartiendo el territorio con las fuerzas provinciales para poder avanzar en contra de la narcocriminalidad, que hoy se califica como narcoterrorismo.<\/p>\n\n\n\n<p>Durante enero y febrero se baj\u00f3 el delito y el homicidio en la ciudad de Rosario de manera contundente.<\/p>\n\n\n\n<p>Se realizaron una enorme cantidad de operativos con detenidos, incautaci\u00f3n de armas y drogas, especialmente coca\u00edna.<\/p>\n\n\n\n<p>Se pusieron en marcha dos programas: el programa para presos de alto riesgo en c\u00e1rceles federales y lo mismo hizo la provincia de Santa Fe, minimizando al m\u00e1ximo la posibilidad de que sigan comandando operaciones adentro de las c\u00e1rceles.<\/p>\n\n\n\n<p>Se recibieron habeas corpus diarios por parte de los implicados en causas narcocriminales, los que han sido permanentes, y sistem\u00e1ticos, contando para ello con un acompa\u00f1amiento muy importante de la Justicia, tanto en el caso de Santa Fe como en el caso nacional, ya que ninguno de esos habeas corpus fue otorgado en base a fundamentos legales que avalaron el accionar del Gobierno.<\/p>\n\n\n\n<p>Se realizaron cordones en zonas y operativos de saturaci\u00f3n que generaron la contracci\u00f3n concreta de la capacidad operacional y el achicamiento del negocio criminal, que hoy es polirubro y es manejado por las bandas de Rosario&#8221;.<\/p>\n\n\n\n<p>Estas medidas han generado una retaliaci\u00f3n contra ellas, inici\u00e1ndose por parte de las bandas acciones narcoterrorista, atacando a ciudadanos que est\u00e1n cumpliendo su trabajo, manteniendo a toda la ciudad en un profundo terror.<\/p>\n\n\n\n<p>Como parte de las medidas a tomar a partir de la fecha, la Ministra inform\u00f3 que:<\/p>\n\n\n\n<p>Se le pedir\u00e1 a la justicia la utilizaci\u00f3n de la ley antiterrorista: el art\u00edculo 41 quinquies del c\u00f3digo penal por el cual toda acci\u00f3n que tenga por objeto amedrentar a la poblaci\u00f3n y sembrar el terror tiene doble pena.<\/p>\n\n\n\n<p>Se enviar\u00e1 al Congreso de la Naci\u00f3n la Ley Antibanda que tipifica una nueva modalidad de persecuci\u00f3n penal sobre el crimen organizado tomando los cr\u00edmenes de estas bandas y adjudic\u00e1ndoles a todos sus integrantes.<\/p>\n\n\n\n<p>Se enviar\u00e1n efectivos de las fuerzas federales, los que estar\u00e1n llegando a partir de hoy a la noche para generar saturaci\u00f3n en zonas en las que ya se est\u00e1 trabajando y sumando de dos a cuatro zonas de alto riesgo en la ciudad.<\/p>\n\n\n\n<p>Se va a trabajar con equipos especiales de investigaci\u00f3n en conjunto con la Justicia del Ministerio P\u00fablico de Fiscal y la Justicia Federal generando equipos especializados, totalmente focalizados en generar en el menor plazo posible el mapa de la nueva estructura criminal, el \u00e1rbol geneal\u00f3gico de las bandas que hoy act\u00faan en Rosario para poder ir detr\u00e1s de cada una de ellas.<\/p>\n\n\n\n<p>Se va a trabajar fuertemente sobre las investigaciones de lavado de dinero con las procuraciones especializadas de la provincia y de la naci\u00f3n para cercenar el capital de trabajo de las organizaciones.<\/p>\n\n\n\n<p>Por su parte, el Ministerio de Defensa y las Fuerzas Armadas, haciendo uso de las atribuciones que establece la Ley de Seguridad de Interior, realizar\u00e1 las acciones que all\u00ed se le encomiendan a partir del apoyo a operaciones de seguridad interior.<\/p>\n\n\n\n<p>Por ello, el Ministerio de Defensa en las pr\u00f3ximas 24 horas enviar\u00e1n personal de las fuerzas armadas, veh\u00edculos, transportes, ingenieros, log\u00edstica, comunicaciones para posibilitar, auxiliar y cooperar tanto con las Fuerzas de Seguridad Nacionales, como provinciales.<\/p>\n\n\n\n<p>Desde la Gobernaci\u00f3n de Santa Fe se ofrece una recompensa de 10 millones de pesos para quienes aporten datos certeros que permitan saber qui\u00e9nes planificaron y ejecutaron los hechos delictuales perpetrados por bandas narcos en estos \u00faltimos d\u00edas<\/p>\n","protected":false},"excerpt":{"rendered":"<p>La Ministra de Seguridad, Dra. Patricia Bullrich, acompa\u00f1ada por su par, el Ministro de Defensa Luis Petri y del Gobernador de la provincia de Santa Fe, Maximiliano Pullaro y al Intendente de la Ciudad de Rosario, Pablo Javkin, brindaron una conferencia de prensa en donde detallaron las medidas que se tomar\u00e1n a partir de la [&hellip;]<\/p>\n","protected":false},"author":2,"featured_media":547,"comment_status":"open","ping_status":"open","sticky":false,"template":"","format":"standard","meta":{"footnotes":""},"categories":[26],"tags":[98,97,96,99],"class_list":{"0":"post-546","1":"post","2":"type-post","3":"status-publish","4":"format-standard","5":"has-post-thumbnail","7":"category-nacionales","8":"tag-narcotrafico","9":"tag-patricia-burlich","10":"tag-pullaro","11":"tag-santa-fe"},"aioseo_notices":[],"_links":{"self":[{"href":"https:\/\/lalupa24.com.ar\/index.php\/wp-json\/wp\/v2\/posts\/546","targetHints":{"allow":["GET"]}}],"collection":[{"href":"https:\/\/lalupa24.com.ar\/index.php\/wp-json\/wp\/v2\/posts"}],"about":[{"href":"https:\/\/lalupa24.com.ar\/index.php\/wp-json\/wp\/v2\/types\/post"}],"author":[{"embeddable":true,"href":"https:\/\/lalupa24.com.ar\/index.php\/wp-json\/wp\/v2\/users\/2"}],"replies":[{"embeddable":true,"href":"https:\/\/lalupa24.com.ar\/index.php\/wp-json\/wp\/v2\/comments?post=546"}],"version-history":[{"count":1,"href":"https:\/\/lalupa24.com.ar\/index.php\/wp-json\/wp\/v2\/posts\/546\/revisions"}],"predecessor-version":[{"id":548,"href":"https:\/\/lalupa24.com.ar\/index.php\/wp-json\/wp\/v2\/posts\/546\/revisions\/548"}],"wp:featuredmedia":[{"embeddable":true,"href":"https:\/\/lalupa24.com.ar\/index.php\/wp-json\/wp\/v2\/media\/547"}],"wp:attachment":[{"href":"https:\/\/lalupa24.com.ar\/index.php\/wp-json\/wp\/v2\/media?parent=546"}],"wp:term":[{"taxonomy":"category","embeddable":true,"href":"https:\/\/lalupa24.com.ar\/index.php\/wp-json\/wp\/v2\/categories?post=546"},{"taxonomy":"post_tag","embeddable":true,"href":"https:\/\/lalupa24.com.ar\/index.php\/wp-json\/wp\/v2\/tags?post=546"}],"curies":[{"name":"wp","href":"https:\/\/api.w.org\/{rel}","templated":true}]}}