{"id":549,"date":"2024-03-11T19:05:27","date_gmt":"2024-03-11T22:05:27","guid":{"rendered":"https:\/\/lalupa24.com.ar\/?p=549"},"modified":"2024-03-11T19:05:28","modified_gmt":"2024-03-11T22:05:28","slug":"posse-quiere-echar-al-secretario-legal-y-tecnico-por-la-crisis-del-aumento-de-sueldo","status":"publish","type":"post","link":"https:\/\/lalupa24.com.ar\/index.php\/2024\/03\/11\/posse-quiere-echar-al-secretario-legal-y-tecnico-por-la-crisis-del-aumento-de-sueldo\/","title":{"rendered":"Posse quiere echar al Secretario Legal y T\u00e9cnico por la crisis del aumento de sueldo"},"content":{"rendered":"\n<pre class=\"wp-block-preformatted\">Ante el enojo de Milei, el jefe de Gabinete intenta descargar el peso de la crisis en Herrera Bravo.<\/pre>\n\n\n\n<p>La escalda por la crisis por el salariazo vip que Javier Milei se auto otorg\u00f3 a \u00e9l, su vicepresidenta y sus ministros, amenaza con llevarse puesto a un funcionario clave del gobierno.&nbsp;<\/p>\n\n\n\n<p>Cuando estall\u00f3 la crisis, Milei volc\u00f3 su furia en su jefe de Gabinete, Nicol\u00e1s Posse que lo acompa\u00f1\u00f3 con su firma en el decreto que de un plumazo lleva el sueldo del Presidente d elos cuatro millones a m\u00e1s de seis millones.&nbsp;<\/p>\n\n\n\n<p>Acorralado por el presidente,\u00a0 Posse le ech\u00f3 la culpa al secretario de Legal y T\u00e9cnica, Javier Herrera Bravo y por estas horas su continuidad pende de un hilo, confiaron a LPO fuentes del gobierno.<\/p>\n\n\n\n<p>El decreto que dej\u00f3 en una muy mala posici\u00f3n a Milei que ven\u00eda de reprender a diputados y senadores por darse un aumento mucho menor, tambi\u00e9n lleva la firma de la ministra de Capital Humano, Sandra Pettovello, que hasta ahora ha logrado permanecer al margen de la pol\u00e9mica, pese a no ser del agrado de Posse.<\/p>\n\n\n\n<p><\/p>\n\n\n\n<p>Posse tambi\u00e9n culp\u00f3 al secretario Legal y T\u00e9cnico del Ministerio de Econom\u00eda. En una respuesta a la crisis que calca la que ensay\u00f3 Milei cuando el tema se hizo p\u00fablico: colocar la culpa afuera, en su caso, en Cristina Kirchner, que no anduvo con vueltas a\u00a0la hora de contestarle.<\/p>\n\n\n\n<p>Acorralado por el presidente, Posse le ech\u00f3 la culpa al secretario de Legal y T\u00e9cnica, Javier Herrera Bravo y por estas horas su continuidad pende de un hilo.<\/p>\n\n\n\n<p>&nbsp;La vicepresidenta se burl\u00f3, cuando fue elegida como blanco: &#8220;Ay Presidente, admita, firm\u00f3, cobr\u00f3 y lo pescaron&#8221;. En el mismo sentido se expres\u00f3 Miguel Angel Pichetto: &#8220;Si Milei no sabe lo que firm\u00f3, estamos en problemas&#8221;, dijo el jefe del bloque Hacemos.&nbsp;<\/p>\n\n\n\n<p>El salariazo se produce en el peor momento imposible, cuando viene de cruzarse feo con senadores y diputados que acaban de recibir un aumento -mucho menor- producto de la ley que engancha sus sueldos a los de los empleados del Congreso..<\/p>\n\n\n\n<p>El mismo argumento exacto al que apel\u00f3 Milei para otorgarse el aumento. El art\u00edculo cuarto del decreto que firm\u00f3 establece que el incremento pactado en la paritaria de los estatales &#8220;se extender\u00e1 a las retribuciones de las Autoridades Superiores de las Jurisdicciones, Entidades y Organismos del Poder Ejecutivo Nacional&#8221;<\/p>\n\n\n\n<p>Tras el esc\u00e1ndalo que gener\u00f3 la revelaci\u00f3n de que su sueldo Milei inform\u00f3 que derogar\u00e1 el decreto que establec\u00eda el incremento.&nbsp;<\/p>\n","protected":false},"excerpt":{"rendered":"<p>Ante el enojo de Milei, el jefe de Gabinete intenta descargar el peso de la crisis en Herrera Bravo. La escalda por la crisis por el salariazo vip que Javier Milei se auto otorg\u00f3 a \u00e9l, su vicepresidenta y sus ministros, amenaza con llevarse puesto a un funcionario clave del gobierno.&nbsp; Cuando estall\u00f3 la crisis, [&hellip;]<\/p>\n","protected":false},"author":2,"featured_media":550,"comment_status":"open","ping_status":"open","sticky":false,"template":"","format":"standard","meta":{"footnotes":""},"categories":[27],"tags":[],"class_list":{"0":"post-549","1":"post","2":"type-post","3":"status-publish","4":"format-standard","5":"has-post-thumbnail","7":"category-interior"},"aioseo_notices":[],"_links":{"self":[{"href":"https:\/\/lalupa24.com.ar\/index.php\/wp-json\/wp\/v2\/posts\/549","targetHints":{"allow":["GET"]}}],"collection":[{"href":"https:\/\/lalupa24.com.ar\/index.php\/wp-json\/wp\/v2\/posts"}],"about":[{"href":"https:\/\/lalupa24.com.ar\/index.php\/wp-json\/wp\/v2\/types\/post"}],"author":[{"embeddable":true,"href":"https:\/\/lalupa24.com.ar\/index.php\/wp-json\/wp\/v2\/users\/2"}],"replies":[{"embeddable":true,"href":"https:\/\/lalupa24.com.ar\/index.php\/wp-json\/wp\/v2\/comments?post=549"}],"version-history":[{"count":1,"href":"https:\/\/lalupa24.com.ar\/index.php\/wp-json\/wp\/v2\/posts\/549\/revisions"}],"predecessor-version":[{"id":551,"href":"https:\/\/lalupa24.com.ar\/index.php\/wp-json\/wp\/v2\/posts\/549\/revisions\/551"}],"wp:featuredmedia":[{"embeddable":true,"href":"https:\/\/lalupa24.com.ar\/index.php\/wp-json\/wp\/v2\/media\/550"}],"wp:attachment":[{"href":"https:\/\/lalupa24.com.ar\/index.php\/wp-json\/wp\/v2\/media?parent=549"}],"wp:term":[{"taxonomy":"category","embeddable":true,"href":"https:\/\/lalupa24.com.ar\/index.php\/wp-json\/wp\/v2\/categories?post=549"},{"taxonomy":"post_tag","embeddable":true,"href":"https:\/\/lalupa24.com.ar\/index.php\/wp-json\/wp\/v2\/tags?post=549"}],"curies":[{"name":"wp","href":"https:\/\/api.w.org\/{rel}","templated":true}]}}