{"id":552,"date":"2024-03-11T19:22:23","date_gmt":"2024-03-11T22:22:23","guid":{"rendered":"https:\/\/lalupa24.com.ar\/?p=552"},"modified":"2024-03-11T19:22:25","modified_gmt":"2024-03-11T22:22:25","slug":"el-mensaje-de-angel-di-maria-en-medio-de-la-ola-de-violencia-en-rosario","status":"publish","type":"post","link":"https:\/\/lalupa24.com.ar\/index.php\/2024\/03\/11\/el-mensaje-de-angel-di-maria-en-medio-de-la-ola-de-violencia-en-rosario\/","title":{"rendered":"El mensaje de \u00c1ngel Di Mar\u00eda en medio de la ola de violencia en Rosario"},"content":{"rendered":"\n<p>El referente de la selecci\u00f3n argentina utiliz\u00f3 sus redes sociales para enviar un pedido de paz frente a los recientes asesinatos de civiles en su ciudad<\/p>\n\n\n\n<p>Luego de\u00a0<strong>cuatro asesinatos a manos de sicarios<\/strong>, la ciudad de Rosario se encuentra paralizada: diversos sectores decidieron realizar medidas medidas de fuerza, como precauci\u00f3n ante la inseguridad y para reclamar protecci\u00f3n frente a la avanzada de la violencia narco. La problem\u00e1tica cada vez crece m\u00e1s y dentro de las personalidades reconocidas que mostraron su preocupaci\u00f3n por la tensa situaci\u00f3n que vive la ciudad apareci\u00f3\u00a0<strong>\u00c1ngel Di Mar\u00eda<\/strong>, actual futbolista de la Selecci\u00f3n y el\u00a0<strong>Benfica\u00a0<\/strong>de Portugal.<\/p>\n\n\n\n<p>Surgido en\u00a0<strong>Rosario Central<\/strong>, el\u00a0<em>Fideo\u00a0<\/em>utiliz\u00f3 sus redes sociales para hacer un pedido de paz. El extremo public\u00f3 en su cuenta de Instagram una foto en la que se puede ver\u00a0<strong>al Monumento de la Bandera rodeado por un list\u00f3n negro<\/strong>\u00a0y lo acompa\u00f1\u00f3 con un emoji de dos manos juntas pidiendo por favor.\u00a0<strong>\u201cPedimos paz\u201d<\/strong>, recit\u00f3 la imagen que seleccion\u00f3 el referente de la\u00a0<em>Albiceleste\u00a0<\/em>para plantar su opini\u00f3n sobre el tema. No es la primera vez que el jugador se expresa a trav\u00e9s de internet ya que\u00a0en su momento se quej\u00f3 por el trato que recibieron los hinchas de la Academia en la final de la Copa de la Liga 2023 frente a Platense.<\/p>\n\n\n\n<p>Vale recordar que los hinchas del\u00a0<em>Canalla\u00a0<\/em>siguen expectantes al regreso de \u00c1ngel y\u00a0<strong>sue\u00f1an con verlo vestir la camiseta en el Gigante de Arroyito\u00a0<\/strong>una vez m\u00e1s antes de su retiro como futbolista profesional. \u201cEn mi cabeza siempre estuvo. Como estuvo volver al Benfica, est\u00e1 volver a Central. Lo dije much\u00edsimo. No me gusta mucho hablar del tema porque despu\u00e9s empiezan con que siempre hablo y nunca termina pasando, pero el f\u00fatbol es as\u00ed. Te va llevando.\u00a0<strong>Siempre dije que quer\u00eda volver cuando todav\u00eda me sienta bien, y creo que estoy en plenitud todav\u00eda\u201d<\/strong>, admiti\u00f3 en varias oportunidades.<\/p>\n\n\n\n<p><img loading=\"lazy\" decoding=\"async\" alt=\"El mensaje de \u00c1ngel Di Mar\u00eda para Rosario (Foto: Instagram)\" height=\"2849\" width=\"1920\" src=\"https:\/\/www.infobae.com\/new-resizer\/xPUOCcNG4G9kN7W9Lq0ZNzrJqvg=\/420x630\/filters:format(webp):quality(85)\/cloudfront-us-east-1.images.arcpublishing.com\/infobae\/QU4TY4ZCPFESRJ56ZXPXNPJ2AU.jpg%20420w\" srcset=\"https:\/\/www.infobae.com\/new-resizer\/xPUOCcNG4G9kN7W9Lq0ZNzrJqvg=\/420x630\/filters:format(webp):quality(85)\/cloudfront-us-east-1.images.arcpublishing.com\/infobae\/QU4TY4ZCPFESRJ56ZXPXNPJ2AU.jpg 420w,https:\/\/www.infobae.com\/new-resizer\/wvWDFaT9LOY01vZP4f3oIMNDGM0=\/768x1152\/filters:format(webp):quality(85)\/cloudfront-us-east-1.images.arcpublishing.com\/infobae\/QU4TY4ZCPFESRJ56ZXPXNPJ2AU.jpg 768w,https:\/\/www.infobae.com\/new-resizer\/fHxsfxQzQXb6FNOcDAuc3jCZ85Q=\/992x1488\/filters:format(webp):quality(85)\/cloudfront-us-east-1.images.arcpublishing.com\/infobae\/QU4TY4ZCPFESRJ56ZXPXNPJ2AU.jpg 992w,https:\/\/www.infobae.com\/new-resizer\/wRkYbBDzsu_P64gTn01TaFsk9AQ=\/1200x1800\/filters:format(webp):quality(85)\/cloudfront-us-east-1.images.arcpublishing.com\/infobae\/QU4TY4ZCPFESRJ56ZXPXNPJ2AU.jpg 1200w\">El mensaje de \u00c1ngel Di Mar\u00eda para Rosario (Foto: Instagram)<\/p>\n\n\n\n<p>Y a\u00f1adi\u00f3 al respecto de la traba contractual para regresar en condici\u00f3n de futbolista libre:&nbsp;<strong>\u201cMi contrato ac\u00e1 se termina a mediados de 2024 y es obvio que est\u00e1 esa opci\u00f3n.&nbsp;<\/strong>Tengo muy buena relaci\u00f3n con Gonzalo (Belloso, presidente de Rosario Central). Hablo bastante con \u00e9l. \u00c9l sabe que tengo esa intenci\u00f3n. S\u00e9 que las puertas est\u00e1n abiertas y cuando se tenga que dar, se dar\u00e1. Ahora, estoy feliz ac\u00e1. Quer\u00eda venir un a\u00f1o para disfrutar de Lisboa otra vez\u201d, se\u00f1al\u00f3 sobre su decisi\u00f3n de firmar con Benfica.<\/p>\n","protected":false},"excerpt":{"rendered":"<p>El referente de la selecci\u00f3n argentina utiliz\u00f3 sus redes sociales para enviar un pedido de paz frente a los recientes asesinatos de civiles en su ciudad Luego de\u00a0cuatro asesinatos a manos de sicarios, la ciudad de Rosario se encuentra paralizada: diversos sectores decidieron realizar medidas medidas de fuerza, como precauci\u00f3n ante la inseguridad y para [&hellip;]<\/p>\n","protected":false},"author":2,"featured_media":553,"comment_status":"open","ping_status":"open","sticky":false,"template":"","format":"standard","meta":{"footnotes":""},"categories":[100],"tags":[],"class_list":{"0":"post-552","1":"post","2":"type-post","3":"status-publish","4":"format-standard","5":"has-post-thumbnail","7":"category-deportes"},"aioseo_notices":[],"_links":{"self":[{"href":"https:\/\/lalupa24.com.ar\/index.php\/wp-json\/wp\/v2\/posts\/552","targetHints":{"allow":["GET"]}}],"collection":[{"href":"https:\/\/lalupa24.com.ar\/index.php\/wp-json\/wp\/v2\/posts"}],"about":[{"href":"https:\/\/lalupa24.com.ar\/index.php\/wp-json\/wp\/v2\/types\/post"}],"author":[{"embeddable":true,"href":"https:\/\/lalupa24.com.ar\/index.php\/wp-json\/wp\/v2\/users\/2"}],"replies":[{"embeddable":true,"href":"https:\/\/lalupa24.com.ar\/index.php\/wp-json\/wp\/v2\/comments?post=552"}],"version-history":[{"count":1,"href":"https:\/\/lalupa24.com.ar\/index.php\/wp-json\/wp\/v2\/posts\/552\/revisions"}],"predecessor-version":[{"id":554,"href":"https:\/\/lalupa24.com.ar\/index.php\/wp-json\/wp\/v2\/posts\/552\/revisions\/554"}],"wp:featuredmedia":[{"embeddable":true,"href":"https:\/\/lalupa24.com.ar\/index.php\/wp-json\/wp\/v2\/media\/553"}],"wp:attachment":[{"href":"https:\/\/lalupa24.com.ar\/index.php\/wp-json\/wp\/v2\/media?parent=552"}],"wp:term":[{"taxonomy":"category","embeddable":true,"href":"https:\/\/lalupa24.com.ar\/index.php\/wp-json\/wp\/v2\/categories?post=552"},{"taxonomy":"post_tag","embeddable":true,"href":"https:\/\/lalupa24.com.ar\/index.php\/wp-json\/wp\/v2\/tags?post=552"}],"curies":[{"name":"wp","href":"https:\/\/api.w.org\/{rel}","templated":true}]}}